{"id":2326,"date":"2022-04-06T13:07:58","date_gmt":"2022-04-06T11:07:58","guid":{"rendered":"https:\/\/balsamico.shop\/nl\/?p=2326"},"modified":"2023-09-29T18:33:10","modified_gmt":"2023-09-29T16:33:10","slug":"biologische-balsamico-azijn-informatie","status":"publish","type":"post","link":"https:\/\/bio.aceto-balsamico.nl\/","title":{"rendered":"Biologische balsamico azijn &#8211; wat je moet weten"},"content":{"rendered":"\r\n<p>Vaak wordt ons gevraagd of de soms zeer dure balsamico-azijn met het etiket &#8220;<strong>Tradizionale<\/strong>&#8221; ook in biologische kwaliteit verkrijgbaar is en waarom het merendeel van de Aceti Balsamci Tadizionali die op de markt verkrijgbaar zijn, niet biologisch gecertificeerd is. Wij hebben het onze leveranciers gevraagd en de antwoorden voor u samengevat. Onze leveranciers zijn meestal kleine familiebedrijven die gespecialiseerd zijn in Italiaanse azijn van hoge kwaliteit.<\/p>\r\n<ol>\r\n<li><strong>het biologisch keurmerk van de EU is nog geen 12 jaar oud<\/strong>. Een Europees, uniform biologisch keurmerk is pas in 2010 ingevoerd. Voordien waren er regionale en nationale keurmerken in elk land, waarvan de meeste niet meer dan een marketingdoel dienden en hoge kosten voor de bedrijven met zich brachten. Een <a href=\"https:\/\/balsamico.shop\/nl\/product\/aceto-balsamico-tradizionale-uit-modena-12-villasandonnino\/\">Aceto Balsamico Tradizionale<\/a> moet ten minste 12 jaar rijpen voordat hij wordt verkocht. Dit betekent dat de producent het bewijs had moeten leveren van de gebruikte biologische grondstof, de druif, in een tijd dat er nog geen Europees biologisch keurmerk bestond.<br \/><br \/><\/li>\r\n<li><strong>Er zijn reeds zeer strenge controles bij de productie van balsamico<\/strong>. De producenten van balsamico-azijn van hoge kwaliteit moeten bij het bottelen een zeer uitgebreide geur- en smaaktest doorstaan en de kenmerken van het product testen. Een deel van de tests zijn chemische analyses. Wij kennen geen enkele leverancier die het risico zou hebben genomen een product 12 jaar of langer te koesteren om uiteindelijk de test niet te doorstaan wegens het gebruik van chemische additieven, pesticiden of andere hulpmiddelen. De lijst van ingredi\u00ebnten voor de productie van Aceto Balsamico Tradizionale di Modena is beperkt tot precies \u00e9\u00e9n ingredi\u00ebnt: gekookte druivenmost.<br \/><br \/><\/li>\r\n<li><strong>biologische keurmerken veroorzaken hoge kosten voor kleine bedrijven<\/strong>. De invoering van een biologische certificering kost het familiebedrijf veel geld en vereist een zeer gestructureerde productiedocumentatie. Voor veel van de kleinere landbouwbedrijven staat dit niet in verhouding tot de omzet of kan dit niet worden uitgevoerd. Ondanks de hoge prijzen voor het eindproduct zijn de echte producenten van het zwarte goud, zoals het in Itali\u00eb ook liefkozend wordt genoemd, geen miljonairs. Dit komt doordat de productie van balsamico van zeer hoge kwaliteit, in tegenstelling tot die van industri\u00eble producten, niet wordt opgeschaald tot in het bereik van hectoliters. Veel kleinere wijnbouwers bottelen slechts een paar liter per jaar. Dat is genoeg om van te leven, maar te weinig voor een Ferrari.<\/li>\r\n<\/ol>\r\n<p>Niettemin verschijnen de eerste Aceto Balsamico Tradizionale met een biologisch keurmerk geleidelijk op de markt om aan de vraag van de consument te voldoen. In de huidige snel veranderende industrie- en levensmiddelenwereld begrijpen sommige consumenten de bovenstaande argumenten niet en kopen zij liever een 6 maanden oude biologische balsamico met een hoog wijnazijngehalte dan een echt traditioneel natuurproduct. Dan beseffen ze uiteindelijk dat een echt goede balsamico minder te maken heeft met de biologische kwaliteit en meer met de echte rijpingsperiode, de authenticiteit van de producent en de verhoudingen van goede druivenmost.<\/p>\r\n<p>In dit verband wordt bijzondere aandacht besteed aan solidariteitsboerderijen zoals de gemeenschap &#8220;<a href=\"http:\/\/www.lalanternadidiogene.org\/agricoltura\/\">La Laterna di Diogene<\/a>&#8220;, die zich samen met onder meer verschillende instellingen in Itali\u00eb hebben toegelegd op de produktie van de bijzondere balsamico. U kunt de producten vinden op markten in de regio rond Modena.<\/p>\r\n<p>PS: Een paar jaar geleden zijn, door een fout van de EU, de handelsmerkrechten van het biologisch zegel van de EU vervallen &#8211; ongelofelijk maar waar. Dit zou nu opnieuw tot onzekerheid bij de producenten kunnen leiden.<\/p>\r\n<style id=\"sp_product_slider_dynamic_css3042\">#wps-slider-section #sp-woo-product-slider-3042.wps-product-section .wpsp-pagination-dot .swiper-pagination-bullet{ background-color:#cccccc; } #wps-slider-section #sp-woo-product-slider-3042.wps-product-section .wpsp-pagination-dot .swiper-pagination-bullet.swiper-pagination-bullet-active{ background-color:#333333; }#wps-slider-section #sp-woo-product-slider-3042.wps-product-section .wpsp-nav { color:#444444; background-color:transparent; border: 1px solid #aaaaaa; } #wps-slider-section #sp-woo-product-slider-3042.wps-product-section .wpsp-nav:hover { color:#ffffff; background-color:#444444; border-color:#444444; } #wps-slider-section.wps-slider-section-3042{ padding-top: 45px; }#wps-slider-section #sp-woo-product-slider-3042.wps-product-section[data-layout=grid] { margin-left: -20px;}#wps-slider-section #sp-woo-product-slider-3042 .wpsf-grid-item { padding-left: 20px; margin-bottom: 20px;}#wps-slider-section #sp-woo-product-slider-3042 .wpsf-product-title a{ color: #444444; font-size: 15px; } #wps-slider-section #sp-woo-product-slider-3042 .wpsf-product-title a:hover{ color: #955b89; }#sp-woo-product-slider-3042.sp-wps-custom-template .wps-product-image .wpsf-product-img,#sp-woo-product-slider-3042.sp-wps-theme_one .wps-product-image { border: 1px solid #dddddd;}#wps-slider-section #sp-woo-product-slider-3042.sp-wps-theme_one .wpsf-product:hover .wps-product-image, #sp-woo-product-slider-3042.sp-wps-custom-template .sp-wps-product-image-area:hover .wps-product-image .wpsf-product-img { border-color: #dddddd;}#wps-slider-section #sp-woo-product-slider-3042 .wps-pagination ul li .page-numbers {background: transparent; color: #5e5e5e; border: 2px solid #dddddd; } #wps-slider-section #sp-woo-product-slider-3042 .wps-pagination ul li .page-numbers:hover,#wps-slider-section #sp-woo-product-slider-3042 .wps-pagination ul li .page-numbers.current {background: #5e5e5e; color: #ffffff; border-color: #5e5e5e; }#wps-slider-section #sp-woo-product-slider-3042 a.sp-wqv-view-button{ display: none; }<\/style><div id=\"wps-slider-section\" class=\"wps-slider-section wps-slider-section-3042\">\n\t\t<div class=\"wps-preloader\" id=\"wps-preloader-3042\" style=\"\">\n\t\t<img decoding=\"async\" src=\"https:\/\/balsamico.shop\/nl\/wp-content\/plugins\/woo-product-slider\/src\/Admin\/assets\/images\/spinner.svg\" alt=\"loader-image\"\/>\n\t<\/div>\n\t\t\t<div id=\"sp-woo-product-slider-3042\" class=\"wps-product-section sp-wps-theme_one\" data-swiper='{ \"pauseOnHover\": true, \"infinite\": true, \"slidesToShow\": 4, \"speed\": 600,\"spaceBetween\": 20, \"autoplay\": true, \"autoplaySpeed\": 3000, \"swipe\": true, \"draggable\": true,\"freeMode\":false,\"carousel_accessibility\": false,\"mousewheel\": false,\"adaptiveHeight\": false, \"slidesPerView\":{\"lg_desktop\":4, \"desktop\":3, \"tablet\":2, \"mobile\":1} }'  dir=\"ltr\" data-preloader=\"1\">\n\t\t\t<div class=\"swiper-wrapper\">\n\t\t<div class=\"wpsf-product  swiper-slide\">\n\t<div class=\"sp-wps-product-image-area\">\n\t\t<a href=\"https:\/\/balsamico.shop\/nl\/product\/novizio-balsamico-dressing-picci\/\" class=\"wps-product-image\">\n\t<img loading=\"lazy\" decoding=\"async\" width=\"256\" height=\"300\" src=\"https:\/\/balsamico.shop\/nl\/wp-content\/uploads\/2023\/02\/novizio-condimento-picci-256x300.jpg\" class=\"wpsf-product-img wp-post-image\" alt=\"\" srcset=\"https:\/\/balsamico.shop\/nl\/wp-content\/uploads\/2023\/02\/novizio-condimento-picci-256x300.jpg 256w, https:\/\/balsamico.shop\/nl\/wp-content\/uploads\/2023\/02\/novizio-condimento-picci-875x1024.jpg 875w, https:\/\/balsamico.shop\/nl\/wp-content\/uploads\/2023\/02\/novizio-condimento-picci-768x899.jpg 768w, https:\/\/balsamico.shop\/nl\/wp-content\/uploads\/2023\/02\/novizio-condimento-picci-1313x1536.jpg 1313w, https:\/\/balsamico.shop\/nl\/wp-content\/uploads\/2023\/02\/novizio-condimento-picci-1170x1369.jpg 1170w, https:\/\/balsamico.shop\/nl\/wp-content\/uploads\/2023\/02\/novizio-condimento-picci-870x1018.jpg 870w, https:\/\/balsamico.shop\/nl\/wp-content\/uploads\/2023\/02\/novizio-condimento-picci-390x456.jpg 390w, https:\/\/balsamico.shop\/nl\/wp-content\/uploads\/2023\/02\/novizio-condimento-picci-300x351.jpg 300w, https:\/\/balsamico.shop\/nl\/wp-content\/uploads\/2023\/02\/novizio-condimento-picci-600x702.jpg 600w, https:\/\/balsamico.shop\/nl\/wp-content\/uploads\/2023\/02\/novizio-condimento-picci.jpg 1600w\" sizes=\"auto, (max-width: 256px) 100vw, 256px\" \/><\/a>\n\t\t<div class=\"sp-wps-product-details\">\n\t\t\t<div class=\"sp-wps-product-details-inner\">\n\t\t\t\t\t\t<div class=\"wpsf-product-title\"><a href=\"https:\/\/balsamico.shop\/nl\/product\/novizio-balsamico-dressing-picci\/\">IL NOVIZIO &#8211; Balsamico-Dressing &#8211; Picci<\/a><\/div>\n\t\t\t\t<\/div> <!-- sp-wps-product-details-inner. -->\n\t\t<\/div> <!--  sp-wps-product-details. -->\n\t<\/div> <!-- sp-wps-product-image-area.  -->\n<\/div> <!-- wpsf-product. -->\n<div class=\"wpsf-product  swiper-slide\">\n\t<div class=\"sp-wps-product-image-area\">\n\t\t<a href=\"https:\/\/balsamico.shop\/nl\/product\/giuseppe-cremonini-aceto-balsamico-di-modena-invecchiato-5-druiven-aged\/\" class=\"wps-product-image\">\n\t<img loading=\"lazy\" decoding=\"async\" width=\"256\" height=\"300\" src=\"https:\/\/balsamico.shop\/nl\/wp-content\/uploads\/2020\/04\/giuseppe-cremonini-aceto-balsamico-di-modena-invecchiato-5-trauben-aged-256x300.jpg\" class=\"wpsf-product-img wp-post-image\" alt=\"\" srcset=\"https:\/\/balsamico.shop\/nl\/wp-content\/uploads\/2020\/04\/giuseppe-cremonini-aceto-balsamico-di-modena-invecchiato-5-trauben-aged-256x300.jpg 256w, https:\/\/balsamico.shop\/nl\/wp-content\/uploads\/2020\/04\/giuseppe-cremonini-aceto-balsamico-di-modena-invecchiato-5-trauben-aged-875x1024.jpg 875w, https:\/\/balsamico.shop\/nl\/wp-content\/uploads\/2020\/04\/giuseppe-cremonini-aceto-balsamico-di-modena-invecchiato-5-trauben-aged-768x899.jpg 768w, https:\/\/balsamico.shop\/nl\/wp-content\/uploads\/2020\/04\/giuseppe-cremonini-aceto-balsamico-di-modena-invecchiato-5-trauben-aged-1313x1536.jpg 1313w, https:\/\/balsamico.shop\/nl\/wp-content\/uploads\/2020\/04\/giuseppe-cremonini-aceto-balsamico-di-modena-invecchiato-5-trauben-aged-1170x1369.jpg 1170w, https:\/\/balsamico.shop\/nl\/wp-content\/uploads\/2020\/04\/giuseppe-cremonini-aceto-balsamico-di-modena-invecchiato-5-trauben-aged-870x1018.jpg 870w, https:\/\/balsamico.shop\/nl\/wp-content\/uploads\/2020\/04\/giuseppe-cremonini-aceto-balsamico-di-modena-invecchiato-5-trauben-aged-390x456.jpg 390w, https:\/\/balsamico.shop\/nl\/wp-content\/uploads\/2020\/04\/giuseppe-cremonini-aceto-balsamico-di-modena-invecchiato-5-trauben-aged-300x351.jpg 300w, https:\/\/balsamico.shop\/nl\/wp-content\/uploads\/2020\/04\/giuseppe-cremonini-aceto-balsamico-di-modena-invecchiato-5-trauben-aged-600x702.jpg 600w, https:\/\/balsamico.shop\/nl\/wp-content\/uploads\/2020\/04\/giuseppe-cremonini-aceto-balsamico-di-modena-invecchiato-5-trauben-aged.jpg 1600w\" sizes=\"auto, (max-width: 256px) 100vw, 256px\" \/><\/a>\n\t\t<div class=\"sp-wps-product-details\">\n\t\t\t<div class=\"sp-wps-product-details-inner\">\n\t\t\t\t\t\t<div class=\"wpsf-product-title\"><a href=\"https:\/\/balsamico.shop\/nl\/product\/giuseppe-cremonini-aceto-balsamico-di-modena-invecchiato-5-druiven-aged\/\">Aceto Balsamico di Modena I.G.P. &#8211; Invecchiato &#8211; Cremonini<\/a><\/div>\n\t\t\t\t<\/div> <!-- sp-wps-product-details-inner. -->\n\t\t<\/div> <!--  sp-wps-product-details. -->\n\t<\/div> <!-- sp-wps-product-image-area.  -->\n<\/div> <!-- wpsf-product. -->\n<div class=\"wpsf-product  swiper-slide\">\n\t<div class=\"sp-wps-product-image-area\">\n\t\t<a href=\"https:\/\/balsamico.shop\/nl\/product\/cavalli-abte-25-oro-goud\/\" class=\"wps-product-image\">\n\t<img loading=\"lazy\" decoding=\"async\" width=\"256\" height=\"300\" src=\"https:\/\/balsamico.shop\/nl\/wp-content\/uploads\/2016\/09\/aceto-balsamico-tradizionale-gold-reggioemilia-cavalli-256x300.jpg\" class=\"wpsf-product-img wp-post-image\" alt=\"\" srcset=\"https:\/\/balsamico.shop\/nl\/wp-content\/uploads\/2016\/09\/aceto-balsamico-tradizionale-gold-reggioemilia-cavalli-256x300.jpg 256w, https:\/\/balsamico.shop\/nl\/wp-content\/uploads\/2016\/09\/aceto-balsamico-tradizionale-gold-reggioemilia-cavalli-875x1024.jpg 875w, https:\/\/balsamico.shop\/nl\/wp-content\/uploads\/2016\/09\/aceto-balsamico-tradizionale-gold-reggioemilia-cavalli-768x899.jpg 768w, https:\/\/balsamico.shop\/nl\/wp-content\/uploads\/2016\/09\/aceto-balsamico-tradizionale-gold-reggioemilia-cavalli-1313x1536.jpg 1313w, https:\/\/balsamico.shop\/nl\/wp-content\/uploads\/2016\/09\/aceto-balsamico-tradizionale-gold-reggioemilia-cavalli-1170x1369.jpg 1170w, https:\/\/balsamico.shop\/nl\/wp-content\/uploads\/2016\/09\/aceto-balsamico-tradizionale-gold-reggioemilia-cavalli-870x1018.jpg 870w, https:\/\/balsamico.shop\/nl\/wp-content\/uploads\/2016\/09\/aceto-balsamico-tradizionale-gold-reggioemilia-cavalli-390x456.jpg 390w, https:\/\/balsamico.shop\/nl\/wp-content\/uploads\/2016\/09\/aceto-balsamico-tradizionale-gold-reggioemilia-cavalli-300x351.jpg 300w, https:\/\/balsamico.shop\/nl\/wp-content\/uploads\/2016\/09\/aceto-balsamico-tradizionale-gold-reggioemilia-cavalli-600x702.jpg 600w, https:\/\/balsamico.shop\/nl\/wp-content\/uploads\/2016\/09\/aceto-balsamico-tradizionale-gold-reggioemilia-cavalli.jpg 1600w\" sizes=\"auto, (max-width: 256px) 100vw, 256px\" \/><\/a>\n\t\t<div class=\"sp-wps-product-details\">\n\t\t\t<div class=\"sp-wps-product-details-inner\">\n\t\t\t\t\t\t<div class=\"wpsf-product-title\"><a href=\"https:\/\/balsamico.shop\/nl\/product\/cavalli-abte-25-oro-goud\/\">Balsamico Tradizionale &#8211; Cavalli &#8211; 25 jaar &#8211; Goud &#8211; extravecchio<\/a><\/div>\n\t\t\t\t<\/div> <!-- sp-wps-product-details-inner. -->\n\t\t<\/div> <!--  sp-wps-product-details. -->\n\t<\/div> <!-- sp-wps-product-image-area.  -->\n<\/div> <!-- wpsf-product. -->\n<div class=\"wpsf-product  swiper-slide\">\n\t<div class=\"sp-wps-product-image-area\">\n\t\t<a href=\"https:\/\/balsamico.shop\/nl\/product\/aceto-balsamico-tradizionale-di-reggio-emilia-d-o-p-argento-picci-18-jaar\/\" class=\"wps-product-image\">\n\t<img loading=\"lazy\" decoding=\"async\" width=\"256\" height=\"300\" src=\"https:\/\/balsamico.shop\/nl\/wp-content\/uploads\/2016\/05\/acetaia-picci-aceto-balsamico-tradizionale-argento-reggioemilia-1-256x300.jpg\" class=\"wpsf-product-img wp-post-image\" alt=\"\" srcset=\"https:\/\/balsamico.shop\/nl\/wp-content\/uploads\/2016\/05\/acetaia-picci-aceto-balsamico-tradizionale-argento-reggioemilia-1-256x300.jpg 256w, https:\/\/balsamico.shop\/nl\/wp-content\/uploads\/2016\/05\/acetaia-picci-aceto-balsamico-tradizionale-argento-reggioemilia-1-875x1024.jpg 875w, https:\/\/balsamico.shop\/nl\/wp-content\/uploads\/2016\/05\/acetaia-picci-aceto-balsamico-tradizionale-argento-reggioemilia-1-768x899.jpg 768w, https:\/\/balsamico.shop\/nl\/wp-content\/uploads\/2016\/05\/acetaia-picci-aceto-balsamico-tradizionale-argento-reggioemilia-1-1313x1536.jpg 1313w, https:\/\/balsamico.shop\/nl\/wp-content\/uploads\/2016\/05\/acetaia-picci-aceto-balsamico-tradizionale-argento-reggioemilia-1-1170x1369.jpg 1170w, https:\/\/balsamico.shop\/nl\/wp-content\/uploads\/2016\/05\/acetaia-picci-aceto-balsamico-tradizionale-argento-reggioemilia-1-870x1018.jpg 870w, https:\/\/balsamico.shop\/nl\/wp-content\/uploads\/2016\/05\/acetaia-picci-aceto-balsamico-tradizionale-argento-reggioemilia-1-390x456.jpg 390w, https:\/\/balsamico.shop\/nl\/wp-content\/uploads\/2016\/05\/acetaia-picci-aceto-balsamico-tradizionale-argento-reggioemilia-1-300x351.jpg 300w, https:\/\/balsamico.shop\/nl\/wp-content\/uploads\/2016\/05\/acetaia-picci-aceto-balsamico-tradizionale-argento-reggioemilia-1-600x702.jpg 600w, https:\/\/balsamico.shop\/nl\/wp-content\/uploads\/2016\/05\/acetaia-picci-aceto-balsamico-tradizionale-argento-reggioemilia-1.jpg 1600w\" sizes=\"auto, (max-width: 256px) 100vw, 256px\" \/><\/a>\n\t\t<div class=\"sp-wps-product-details\">\n\t\t\t<div class=\"sp-wps-product-details-inner\">\n\t\t\t\t\t\t<div class=\"wpsf-product-title\"><a href=\"https:\/\/balsamico.shop\/nl\/product\/aceto-balsamico-tradizionale-di-reggio-emilia-d-o-p-argento-picci-18-jaar\/\">Aceto Balsamico Tradizionale di Reggio Emilia D.O.P &#8211; Argento &#8211; Picci &#8211; 18 jaar<\/a><\/div>\n\t\t\t\t<\/div> <!-- sp-wps-product-details-inner. -->\n\t\t<\/div> <!--  sp-wps-product-details. -->\n\t<\/div> <!-- sp-wps-product-image-area.  -->\n<\/div> <!-- wpsf-product. -->\n<div class=\"wpsf-product  swiper-slide\">\n\t<div class=\"sp-wps-product-image-area\">\n\t\t<a href=\"https:\/\/balsamico.shop\/nl\/product\/aceto-balsamico-tradizionale-di-modena-extravecchio-malagoli\/\" class=\"wps-product-image\">\n\t<img loading=\"lazy\" decoding=\"async\" width=\"256\" height=\"300\" src=\"https:\/\/balsamico.shop\/nl\/wp-content\/uploads\/2020\/06\/aceto-balsamico-tradizionale-di-modena-dop-malagoli-extravecchio_lum-256x300.jpg\" class=\"wpsf-product-img wp-post-image\" alt=\"Aceto Balsamico Tradizionale di Modena DOP Malagoli Extravecchio\" srcset=\"https:\/\/balsamico.shop\/nl\/wp-content\/uploads\/2020\/06\/aceto-balsamico-tradizionale-di-modena-dop-malagoli-extravecchio_lum-256x300.jpg 256w, https:\/\/balsamico.shop\/nl\/wp-content\/uploads\/2020\/06\/aceto-balsamico-tradizionale-di-modena-dop-malagoli-extravecchio_lum-875x1024.jpg 875w, https:\/\/balsamico.shop\/nl\/wp-content\/uploads\/2020\/06\/aceto-balsamico-tradizionale-di-modena-dop-malagoli-extravecchio_lum-768x899.jpg 768w, https:\/\/balsamico.shop\/nl\/wp-content\/uploads\/2020\/06\/aceto-balsamico-tradizionale-di-modena-dop-malagoli-extravecchio_lum-1313x1536.jpg 1313w, https:\/\/balsamico.shop\/nl\/wp-content\/uploads\/2020\/06\/aceto-balsamico-tradizionale-di-modena-dop-malagoli-extravecchio_lum-1170x1369.jpg 1170w, https:\/\/balsamico.shop\/nl\/wp-content\/uploads\/2020\/06\/aceto-balsamico-tradizionale-di-modena-dop-malagoli-extravecchio_lum-870x1018.jpg 870w, https:\/\/balsamico.shop\/nl\/wp-content\/uploads\/2020\/06\/aceto-balsamico-tradizionale-di-modena-dop-malagoli-extravecchio_lum-390x456.jpg 390w, https:\/\/balsamico.shop\/nl\/wp-content\/uploads\/2020\/06\/aceto-balsamico-tradizionale-di-modena-dop-malagoli-extravecchio_lum-300x351.jpg 300w, https:\/\/balsamico.shop\/nl\/wp-content\/uploads\/2020\/06\/aceto-balsamico-tradizionale-di-modena-dop-malagoli-extravecchio_lum-600x702.jpg 600w, https:\/\/balsamico.shop\/nl\/wp-content\/uploads\/2020\/06\/aceto-balsamico-tradizionale-di-modena-dop-malagoli-extravecchio_lum.jpg 1600w\" sizes=\"auto, (max-width: 256px) 100vw, 256px\" \/><\/a>\n\t\t<div class=\"sp-wps-product-details\">\n\t\t\t<div class=\"sp-wps-product-details-inner\">\n\t\t\t\t\t\t<div class=\"wpsf-product-title\"><a href=\"https:\/\/balsamico.shop\/nl\/product\/aceto-balsamico-tradizionale-di-modena-extravecchio-malagoli\/\">Aceto Balsamico Tradizionale di Modena &#8211; extravecchio &#8211; Malagoli<\/a><\/div>\n\t\t\t\t<\/div> <!-- sp-wps-product-details-inner. -->\n\t\t<\/div> <!--  sp-wps-product-details. -->\n\t<\/div> <!-- sp-wps-product-image-area.  -->\n<\/div> <!-- wpsf-product. -->\n<div class=\"wpsf-product  swiper-slide\">\n\t<div class=\"sp-wps-product-image-area\">\n\t\t<a href=\"https:\/\/balsamico.shop\/nl\/product\/balsamico-tradizionale-juniper-12-jaar-pedroni\/\" class=\"wps-product-image\">\n\t<img loading=\"lazy\" decoding=\"async\" width=\"256\" height=\"300\" src=\"https:\/\/balsamico.shop\/nl\/wp-content\/uploads\/2016\/10\/pedroni-aceto-balsamico-tradizionale-umberto-256x300.jpg\" class=\"wpsf-product-img wp-post-image\" alt=\"\" srcset=\"https:\/\/balsamico.shop\/nl\/wp-content\/uploads\/2016\/10\/pedroni-aceto-balsamico-tradizionale-umberto-256x300.jpg 256w, https:\/\/balsamico.shop\/nl\/wp-content\/uploads\/2016\/10\/pedroni-aceto-balsamico-tradizionale-umberto-875x1024.jpg 875w, https:\/\/balsamico.shop\/nl\/wp-content\/uploads\/2016\/10\/pedroni-aceto-balsamico-tradizionale-umberto-768x899.jpg 768w, https:\/\/balsamico.shop\/nl\/wp-content\/uploads\/2016\/10\/pedroni-aceto-balsamico-tradizionale-umberto-1313x1536.jpg 1313w, https:\/\/balsamico.shop\/nl\/wp-content\/uploads\/2016\/10\/pedroni-aceto-balsamico-tradizionale-umberto-1170x1369.jpg 1170w, https:\/\/balsamico.shop\/nl\/wp-content\/uploads\/2016\/10\/pedroni-aceto-balsamico-tradizionale-umberto-870x1018.jpg 870w, https:\/\/balsamico.shop\/nl\/wp-content\/uploads\/2016\/10\/pedroni-aceto-balsamico-tradizionale-umberto-390x456.jpg 390w, https:\/\/balsamico.shop\/nl\/wp-content\/uploads\/2016\/10\/pedroni-aceto-balsamico-tradizionale-umberto-300x351.jpg 300w, https:\/\/balsamico.shop\/nl\/wp-content\/uploads\/2016\/10\/pedroni-aceto-balsamico-tradizionale-umberto-600x702.jpg 600w, https:\/\/balsamico.shop\/nl\/wp-content\/uploads\/2016\/10\/pedroni-aceto-balsamico-tradizionale-umberto.jpg 1600w\" sizes=\"auto, (max-width: 256px) 100vw, 256px\" \/><\/a>\n\t\t<div class=\"sp-wps-product-details\">\n\t\t\t<div class=\"sp-wps-product-details-inner\">\n\t\t\t\t\t\t<div class=\"wpsf-product-title\"><a href=\"https:\/\/balsamico.shop\/nl\/product\/balsamico-tradizionale-juniper-12-jaar-pedroni\/\">Aceto Balsamico Tradizionale Juniper &#8211; 12 jaar &#8211; Pedroni<\/a><\/div>\n\t\t\t\t<\/div> <!-- sp-wps-product-details-inner. -->\n\t\t<\/div> <!--  sp-wps-product-details. -->\n\t<\/div> <!-- sp-wps-product-image-area.  -->\n<\/div> <!-- wpsf-product. -->\n<div class=\"wpsf-product  swiper-slide\">\n\t<div class=\"sp-wps-product-image-area\">\n\t\t<a href=\"https:\/\/balsamico.shop\/nl\/product\/aceto-balsamico-tradizionale-di-modena-pedroni\/\" class=\"wps-product-image\">\n\t<img loading=\"lazy\" decoding=\"async\" width=\"256\" height=\"300\" src=\"https:\/\/balsamico.shop\/nl\/wp-content\/uploads\/2016\/10\/aceto-balsamico-tradizionale-affinato-pedroni-italo-1-256x300.jpg\" class=\"wpsf-product-img wp-post-image\" alt=\"\" srcset=\"https:\/\/balsamico.shop\/nl\/wp-content\/uploads\/2016\/10\/aceto-balsamico-tradizionale-affinato-pedroni-italo-1-256x300.jpg 256w, https:\/\/balsamico.shop\/nl\/wp-content\/uploads\/2016\/10\/aceto-balsamico-tradizionale-affinato-pedroni-italo-1-875x1024.jpg 875w, https:\/\/balsamico.shop\/nl\/wp-content\/uploads\/2016\/10\/aceto-balsamico-tradizionale-affinato-pedroni-italo-1-768x899.jpg 768w, https:\/\/balsamico.shop\/nl\/wp-content\/uploads\/2016\/10\/aceto-balsamico-tradizionale-affinato-pedroni-italo-1-1313x1536.jpg 1313w, https:\/\/balsamico.shop\/nl\/wp-content\/uploads\/2016\/10\/aceto-balsamico-tradizionale-affinato-pedroni-italo-1-1170x1369.jpg 1170w, https:\/\/balsamico.shop\/nl\/wp-content\/uploads\/2016\/10\/aceto-balsamico-tradizionale-affinato-pedroni-italo-1-870x1018.jpg 870w, https:\/\/balsamico.shop\/nl\/wp-content\/uploads\/2016\/10\/aceto-balsamico-tradizionale-affinato-pedroni-italo-1-390x456.jpg 390w, https:\/\/balsamico.shop\/nl\/wp-content\/uploads\/2016\/10\/aceto-balsamico-tradizionale-affinato-pedroni-italo-1-300x351.jpg 300w, https:\/\/balsamico.shop\/nl\/wp-content\/uploads\/2016\/10\/aceto-balsamico-tradizionale-affinato-pedroni-italo-1-600x702.jpg 600w, https:\/\/balsamico.shop\/nl\/wp-content\/uploads\/2016\/10\/aceto-balsamico-tradizionale-affinato-pedroni-italo-1.jpg 1600w\" sizes=\"auto, (max-width: 256px) 100vw, 256px\" \/><\/a>\n\t\t<div class=\"sp-wps-product-details\">\n\t\t\t<div class=\"sp-wps-product-details-inner\">\n\t\t\t\t\t\t<div class=\"wpsf-product-title\"><a href=\"https:\/\/balsamico.shop\/nl\/product\/aceto-balsamico-tradizionale-di-modena-pedroni\/\">Pedroni Italo &#8211; Traditionele Balsamico Azijn &#8211; ABTM 12 jaar<\/a><\/div>\n\t\t\t\t<\/div> <!-- sp-wps-product-details-inner. -->\n\t\t<\/div> <!--  sp-wps-product-details. -->\n\t<\/div> <!-- sp-wps-product-image-area.  -->\n<\/div> <!-- wpsf-product. -->\n<div class=\"wpsf-product  swiper-slide\">\n\t<div class=\"sp-wps-product-image-area\">\n\t\t<a href=\"https:\/\/balsamico.shop\/nl\/product\/extravecchio-abtm-villa-san-donnino\/\" class=\"wps-product-image\">\n\t<img loading=\"lazy\" decoding=\"async\" width=\"256\" height=\"300\" src=\"https:\/\/balsamico.shop\/nl\/wp-content\/uploads\/2017\/01\/villa-san-donnino-aceto-balsamico-tradizionale-extravecchio-256x300.jpg\" class=\"wpsf-product-img wp-post-image\" alt=\"\" srcset=\"https:\/\/balsamico.shop\/nl\/wp-content\/uploads\/2017\/01\/villa-san-donnino-aceto-balsamico-tradizionale-extravecchio-256x300.jpg 256w, https:\/\/balsamico.shop\/nl\/wp-content\/uploads\/2017\/01\/villa-san-donnino-aceto-balsamico-tradizionale-extravecchio-875x1024.jpg 875w, https:\/\/balsamico.shop\/nl\/wp-content\/uploads\/2017\/01\/villa-san-donnino-aceto-balsamico-tradizionale-extravecchio-768x899.jpg 768w, https:\/\/balsamico.shop\/nl\/wp-content\/uploads\/2017\/01\/villa-san-donnino-aceto-balsamico-tradizionale-extravecchio-1313x1536.jpg 1313w, https:\/\/balsamico.shop\/nl\/wp-content\/uploads\/2017\/01\/villa-san-donnino-aceto-balsamico-tradizionale-extravecchio-1170x1369.jpg 1170w, https:\/\/balsamico.shop\/nl\/wp-content\/uploads\/2017\/01\/villa-san-donnino-aceto-balsamico-tradizionale-extravecchio-870x1018.jpg 870w, https:\/\/balsamico.shop\/nl\/wp-content\/uploads\/2017\/01\/villa-san-donnino-aceto-balsamico-tradizionale-extravecchio-390x456.jpg 390w, https:\/\/balsamico.shop\/nl\/wp-content\/uploads\/2017\/01\/villa-san-donnino-aceto-balsamico-tradizionale-extravecchio-300x351.jpg 300w, https:\/\/balsamico.shop\/nl\/wp-content\/uploads\/2017\/01\/villa-san-donnino-aceto-balsamico-tradizionale-extravecchio-600x702.jpg 600w, https:\/\/balsamico.shop\/nl\/wp-content\/uploads\/2017\/01\/villa-san-donnino-aceto-balsamico-tradizionale-extravecchio.jpg 1600w\" sizes=\"auto, (max-width: 256px) 100vw, 256px\" \/><\/a>\n\t\t<div class=\"sp-wps-product-details\">\n\t\t\t<div class=\"sp-wps-product-details-inner\">\n\t\t\t\t\t\t<div class=\"wpsf-product-title\"><a href=\"https:\/\/balsamico.shop\/nl\/product\/extravecchio-abtm-villa-san-donnino\/\">Extravecchio &#8211; Aceto Balsamico Tradizionale di Modena DOP &#8211; Villa San Donnino<\/a><\/div>\n\t\t\t\t<\/div> <!-- sp-wps-product-details-inner. -->\n\t\t<\/div> <!--  sp-wps-product-details. -->\n\t<\/div> <!-- sp-wps-product-image-area.  -->\n<\/div> <!-- wpsf-product. -->\n<div class=\"wpsf-product  swiper-slide\">\n\t<div class=\"sp-wps-product-image-area\">\n\t\t<a href=\"https:\/\/balsamico.shop\/nl\/product\/duetto-aceti-balsamici-tradizionali-12-25-la-secchia\/\" class=\"wps-product-image\">\n\t<img loading=\"lazy\" decoding=\"async\" width=\"256\" height=\"300\" src=\"https:\/\/balsamico.shop\/nl\/wp-content\/uploads\/2016\/10\/duetto-aceto-balsamico-affinato-extravecchio-1-1-256x300.jpg\" class=\"wpsf-product-img wp-post-image\" alt=\"\" srcset=\"https:\/\/balsamico.shop\/nl\/wp-content\/uploads\/2016\/10\/duetto-aceto-balsamico-affinato-extravecchio-1-1-256x300.jpg 256w, https:\/\/balsamico.shop\/nl\/wp-content\/uploads\/2016\/10\/duetto-aceto-balsamico-affinato-extravecchio-1-1-875x1024.jpg 875w, https:\/\/balsamico.shop\/nl\/wp-content\/uploads\/2016\/10\/duetto-aceto-balsamico-affinato-extravecchio-1-1-768x899.jpg 768w, https:\/\/balsamico.shop\/nl\/wp-content\/uploads\/2016\/10\/duetto-aceto-balsamico-affinato-extravecchio-1-1-1313x1536.jpg 1313w, https:\/\/balsamico.shop\/nl\/wp-content\/uploads\/2016\/10\/duetto-aceto-balsamico-affinato-extravecchio-1-1-1170x1369.jpg 1170w, https:\/\/balsamico.shop\/nl\/wp-content\/uploads\/2016\/10\/duetto-aceto-balsamico-affinato-extravecchio-1-1-870x1018.jpg 870w, https:\/\/balsamico.shop\/nl\/wp-content\/uploads\/2016\/10\/duetto-aceto-balsamico-affinato-extravecchio-1-1-390x456.jpg 390w, https:\/\/balsamico.shop\/nl\/wp-content\/uploads\/2016\/10\/duetto-aceto-balsamico-affinato-extravecchio-1-1-300x351.jpg 300w, https:\/\/balsamico.shop\/nl\/wp-content\/uploads\/2016\/10\/duetto-aceto-balsamico-affinato-extravecchio-1-1-600x702.jpg 600w, https:\/\/balsamico.shop\/nl\/wp-content\/uploads\/2016\/10\/duetto-aceto-balsamico-affinato-extravecchio-1-1.jpg 1600w\" sizes=\"auto, (max-width: 256px) 100vw, 256px\" \/><\/a>\n\t\t<div class=\"sp-wps-product-details\">\n\t\t\t<div class=\"sp-wps-product-details-inner\">\n\t\t\t\t\t\t<div class=\"wpsf-product-title\"><a href=\"https:\/\/balsamico.shop\/nl\/product\/duetto-aceti-balsamici-tradizionali-12-25-la-secchia\/\">Duetto &#8211; Aceti Balsamici Tradizionali &#8211; 12 en 25 Jaar &#8211; La Secchia<\/a><\/div>\n\t\t\t\t<\/div> <!-- sp-wps-product-details-inner. -->\n\t\t<\/div> <!--  sp-wps-product-details. -->\n\t<\/div> <!-- sp-wps-product-image-area.  -->\n<\/div> <!-- wpsf-product. -->\n<div class=\"wpsf-product  swiper-slide\">\n\t<div class=\"sp-wps-product-image-area\">\n\t\t<a href=\"https:\/\/balsamico.shop\/nl\/product\/condimento-balsamico-cavalli-pure-druivenmost\/\" class=\"wps-product-image\">\n\t<img loading=\"lazy\" decoding=\"async\" width=\"256\" height=\"300\" src=\"https:\/\/balsamico.shop\/nl\/wp-content\/uploads\/2017\/01\/balsamico-riserva-nando-256x300.jpg\" class=\"wpsf-product-img wp-post-image\" alt=\"\" srcset=\"https:\/\/balsamico.shop\/nl\/wp-content\/uploads\/2017\/01\/balsamico-riserva-nando-256x300.jpg 256w, https:\/\/balsamico.shop\/nl\/wp-content\/uploads\/2017\/01\/balsamico-riserva-nando-875x1024.jpg 875w, https:\/\/balsamico.shop\/nl\/wp-content\/uploads\/2017\/01\/balsamico-riserva-nando-768x899.jpg 768w, https:\/\/balsamico.shop\/nl\/wp-content\/uploads\/2017\/01\/balsamico-riserva-nando-1313x1536.jpg 1313w, https:\/\/balsamico.shop\/nl\/wp-content\/uploads\/2017\/01\/balsamico-riserva-nando-1170x1369.jpg 1170w, https:\/\/balsamico.shop\/nl\/wp-content\/uploads\/2017\/01\/balsamico-riserva-nando-870x1018.jpg 870w, https:\/\/balsamico.shop\/nl\/wp-content\/uploads\/2017\/01\/balsamico-riserva-nando-390x456.jpg 390w, https:\/\/balsamico.shop\/nl\/wp-content\/uploads\/2017\/01\/balsamico-riserva-nando-300x351.jpg 300w, https:\/\/balsamico.shop\/nl\/wp-content\/uploads\/2017\/01\/balsamico-riserva-nando-600x702.jpg 600w, https:\/\/balsamico.shop\/nl\/wp-content\/uploads\/2017\/01\/balsamico-riserva-nando.jpg 1600w\" sizes=\"auto, (max-width: 256px) 100vw, 256px\" \/><\/a>\n\t\t<div class=\"sp-wps-product-details\">\n\t\t\t<div class=\"sp-wps-product-details-inner\">\n\t\t\t\t\t\t<div class=\"wpsf-product-title\"><a href=\"https:\/\/balsamico.shop\/nl\/product\/condimento-balsamico-cavalli-pure-druivenmost\/\">Condimento Balsamico Cavalli &#8211; 100% druivenmost<\/a><\/div>\n\t\t\t\t<\/div> <!-- sp-wps-product-details-inner. -->\n\t\t<\/div> <!--  sp-wps-product-details. -->\n\t<\/div> <!-- sp-wps-product-image-area.  -->\n<\/div> <!-- wpsf-product. -->\n<div class=\"wpsf-product  swiper-slide\">\n\t<div class=\"sp-wps-product-image-area\">\n\t\t<a href=\"https:\/\/balsamico.shop\/nl\/product\/aceto-balsamico-tradizionale-di-modena-dop-zilver\/\" class=\"wps-product-image\">\n\t<img loading=\"lazy\" decoding=\"async\" width=\"256\" height=\"300\" src=\"https:\/\/balsamico.shop\/nl\/wp-content\/uploads\/2019\/01\/holzbox-bernardo-tesori-silber-dop-1-256x300.jpg\" class=\"wpsf-product-img wp-post-image\" alt=\"Bernardo Tesori Silber Holzbox Geschenk - Aceto Balsamico Tradizionale di Modena DOP\" srcset=\"https:\/\/balsamico.shop\/nl\/wp-content\/uploads\/2019\/01\/holzbox-bernardo-tesori-silber-dop-1-256x300.jpg 256w, https:\/\/balsamico.shop\/nl\/wp-content\/uploads\/2019\/01\/holzbox-bernardo-tesori-silber-dop-1-875x1024.jpg 875w, https:\/\/balsamico.shop\/nl\/wp-content\/uploads\/2019\/01\/holzbox-bernardo-tesori-silber-dop-1-768x899.jpg 768w, https:\/\/balsamico.shop\/nl\/wp-content\/uploads\/2019\/01\/holzbox-bernardo-tesori-silber-dop-1-1313x1536.jpg 1313w, https:\/\/balsamico.shop\/nl\/wp-content\/uploads\/2019\/01\/holzbox-bernardo-tesori-silber-dop-1-1170x1369.jpg 1170w, https:\/\/balsamico.shop\/nl\/wp-content\/uploads\/2019\/01\/holzbox-bernardo-tesori-silber-dop-1-870x1018.jpg 870w, https:\/\/balsamico.shop\/nl\/wp-content\/uploads\/2019\/01\/holzbox-bernardo-tesori-silber-dop-1-390x456.jpg 390w, https:\/\/balsamico.shop\/nl\/wp-content\/uploads\/2019\/01\/holzbox-bernardo-tesori-silber-dop-1-300x351.jpg 300w, https:\/\/balsamico.shop\/nl\/wp-content\/uploads\/2019\/01\/holzbox-bernardo-tesori-silber-dop-1-600x702.jpg 600w, https:\/\/balsamico.shop\/nl\/wp-content\/uploads\/2019\/01\/holzbox-bernardo-tesori-silber-dop-1.jpg 1600w\" sizes=\"auto, (max-width: 256px) 100vw, 256px\" \/><\/a>\n\t\t<div class=\"sp-wps-product-details\">\n\t\t\t<div class=\"sp-wps-product-details-inner\">\n\t\t\t\t\t\t<div class=\"wpsf-product-title\"><a href=\"https:\/\/balsamico.shop\/nl\/product\/aceto-balsamico-tradizionale-di-modena-dop-zilver\/\">Aceto Balsamico Tradizionale di Modena D.O.P. &#8211; 12 jaar -Bernardo Tesori Zilver<\/a><\/div>\n\t\t\t\t<\/div> <!-- sp-wps-product-details-inner. -->\n\t\t<\/div> <!--  sp-wps-product-details. -->\n\t<\/div> <!-- sp-wps-product-image-area.  -->\n<\/div> <!-- wpsf-product. -->\n<div class=\"wpsf-product  swiper-slide\">\n\t<div class=\"sp-wps-product-image-area\">\n\t\t<a href=\"https:\/\/balsamico.shop\/nl\/product\/aceto-balsamico-tradizionale-di-reggio-emilia-oro-picci\/\" class=\"wps-product-image\">\n\t<img loading=\"lazy\" decoding=\"async\" width=\"256\" height=\"300\" src=\"https:\/\/balsamico.shop\/nl\/wp-content\/uploads\/2016\/05\/picci-oro-aceto-balsamico-tradizionale-reggioemilia-256x300.jpg\" class=\"wpsf-product-img wp-post-image\" alt=\"\" srcset=\"https:\/\/balsamico.shop\/nl\/wp-content\/uploads\/2016\/05\/picci-oro-aceto-balsamico-tradizionale-reggioemilia-256x300.jpg 256w, https:\/\/balsamico.shop\/nl\/wp-content\/uploads\/2016\/05\/picci-oro-aceto-balsamico-tradizionale-reggioemilia-875x1024.jpg 875w, https:\/\/balsamico.shop\/nl\/wp-content\/uploads\/2016\/05\/picci-oro-aceto-balsamico-tradizionale-reggioemilia-768x899.jpg 768w, https:\/\/balsamico.shop\/nl\/wp-content\/uploads\/2016\/05\/picci-oro-aceto-balsamico-tradizionale-reggioemilia-1313x1536.jpg 1313w, https:\/\/balsamico.shop\/nl\/wp-content\/uploads\/2016\/05\/picci-oro-aceto-balsamico-tradizionale-reggioemilia-1170x1369.jpg 1170w, https:\/\/balsamico.shop\/nl\/wp-content\/uploads\/2016\/05\/picci-oro-aceto-balsamico-tradizionale-reggioemilia-870x1018.jpg 870w, https:\/\/balsamico.shop\/nl\/wp-content\/uploads\/2016\/05\/picci-oro-aceto-balsamico-tradizionale-reggioemilia-390x456.jpg 390w, https:\/\/balsamico.shop\/nl\/wp-content\/uploads\/2016\/05\/picci-oro-aceto-balsamico-tradizionale-reggioemilia-300x351.jpg 300w, https:\/\/balsamico.shop\/nl\/wp-content\/uploads\/2016\/05\/picci-oro-aceto-balsamico-tradizionale-reggioemilia-600x702.jpg 600w, https:\/\/balsamico.shop\/nl\/wp-content\/uploads\/2016\/05\/picci-oro-aceto-balsamico-tradizionale-reggioemilia.jpg 1600w\" sizes=\"auto, (max-width: 256px) 100vw, 256px\" \/><\/a>\n\t\t<div class=\"sp-wps-product-details\">\n\t\t\t<div class=\"sp-wps-product-details-inner\">\n\t\t\t\t\t\t<div class=\"wpsf-product-title\"><a href=\"https:\/\/balsamico.shop\/nl\/product\/aceto-balsamico-tradizionale-di-reggio-emilia-oro-picci\/\">Aceto Balsamico Tradizionale di Reggio Emilia DOP &#8211; ORO &#8211; Picci<\/a><\/div>\n\t\t\t\t<\/div> <!-- sp-wps-product-details-inner. -->\n\t\t<\/div> <!--  sp-wps-product-details. -->\n\t<\/div> <!-- sp-wps-product-image-area.  -->\n<\/div> <!-- wpsf-product. -->\n<div class=\"wpsf-product  swiper-slide\">\n\t<div class=\"sp-wps-product-image-area\">\n\t\t<a href=\"https:\/\/balsamico.shop\/nl\/product\/abt-di-re-12-jaar-cavalli\/\" class=\"wps-product-image\">\n\t<img loading=\"lazy\" decoding=\"async\" width=\"256\" height=\"300\" src=\"https:\/\/balsamico.shop\/nl\/wp-content\/uploads\/2016\/09\/aceto-balsamico-tradizionale-reggioemilia-argento-cavalli-256x300.jpg\" class=\"wpsf-product-img wp-post-image\" alt=\"\" srcset=\"https:\/\/balsamico.shop\/nl\/wp-content\/uploads\/2016\/09\/aceto-balsamico-tradizionale-reggioemilia-argento-cavalli-256x300.jpg 256w, https:\/\/balsamico.shop\/nl\/wp-content\/uploads\/2016\/09\/aceto-balsamico-tradizionale-reggioemilia-argento-cavalli-875x1024.jpg 875w, https:\/\/balsamico.shop\/nl\/wp-content\/uploads\/2016\/09\/aceto-balsamico-tradizionale-reggioemilia-argento-cavalli-768x899.jpg 768w, https:\/\/balsamico.shop\/nl\/wp-content\/uploads\/2016\/09\/aceto-balsamico-tradizionale-reggioemilia-argento-cavalli-1313x1536.jpg 1313w, https:\/\/balsamico.shop\/nl\/wp-content\/uploads\/2016\/09\/aceto-balsamico-tradizionale-reggioemilia-argento-cavalli-1170x1369.jpg 1170w, https:\/\/balsamico.shop\/nl\/wp-content\/uploads\/2016\/09\/aceto-balsamico-tradizionale-reggioemilia-argento-cavalli-870x1018.jpg 870w, https:\/\/balsamico.shop\/nl\/wp-content\/uploads\/2016\/09\/aceto-balsamico-tradizionale-reggioemilia-argento-cavalli-390x456.jpg 390w, https:\/\/balsamico.shop\/nl\/wp-content\/uploads\/2016\/09\/aceto-balsamico-tradizionale-reggioemilia-argento-cavalli-300x351.jpg 300w, https:\/\/balsamico.shop\/nl\/wp-content\/uploads\/2016\/09\/aceto-balsamico-tradizionale-reggioemilia-argento-cavalli-600x702.jpg 600w, https:\/\/balsamico.shop\/nl\/wp-content\/uploads\/2016\/09\/aceto-balsamico-tradizionale-reggioemilia-argento-cavalli.jpg 1600w\" sizes=\"auto, (max-width: 256px) 100vw, 256px\" \/><\/a>\n\t\t<div class=\"sp-wps-product-details\">\n\t\t\t<div class=\"sp-wps-product-details-inner\">\n\t\t\t\t\t\t<div class=\"wpsf-product-title\"><a href=\"https:\/\/balsamico.shop\/nl\/product\/abt-di-re-12-jaar-cavalli\/\">Cavalli &#8211; Aceto Balsamico Tradizionale di Reggio Emilia &#8211; 12 jaar &#8211; Zilver<\/a><\/div>\n\t\t\t\t<\/div> <!-- sp-wps-product-details-inner. -->\n\t\t<\/div> <!--  sp-wps-product-details. -->\n\t<\/div> <!-- sp-wps-product-image-area.  -->\n<\/div> <!-- wpsf-product. -->\n\t\t\t<\/div> <!-- end swiper-wrapper tag  -->\n\t\t\t\t\t\t\t<!-- next \/ prev arrows -->\n\t\t\t<div class=\"wpsp-nav swiper-button-next\"><i class=\"fa fa-angle-right\"><\/i><\/div>\n\t\t\t<div class=\"wpsp-nav swiper-button-prev\"><i class=\"fa fa-angle-left\"><\/i><\/div>\n\t\t\t<!-- !next \/ prev arrows -->\n\t\t\t\t\t\t\t<!-- pagination dots -->\n\t\t\t<div class=\"wpsp-pagination-dot swiper-pagination\"><\/div>\n\t\t\t<!-- !pagination dots -->\n\t\t\t\t<\/div>\n<\/div>\n\r\n","protected":false},"excerpt":{"rendered":"<p>Vaak wordt ons gevraagd of de soms zeer dure balsamico-azijn met het etiket &#8220;Tradizionale&#8221; ook in biologische kwaliteit verkrijgbaar is en waarom het merendeel van de Aceti Balsamci Tadizionali die op de markt verkrijgbaar zijn, niet biologisch gecertificeerd is. Wij hebben het onze leveranciers gevraagd en de antwoorden voor u samengevat. Onze leveranciers zijn meestal kleine familiebedrijven die gespecialiseerd zijn in Italiaanse azijn van hoge kwaliteit. het biologisch keurmerk van de EU is nog geen 12 jaar oud. Een Europees, uniform biologisch keurmerk is pas in 2010 ingevoerd. Voordien waren er regionale en nationale keurmerken in elk land, waarvan de meeste niet meer dan een marketingdoel dienden en hoge kosten voor de bedrijven met zich brachten. Een Aceto Balsamico Tradizionale moet ten minste 12 jaar rijpen voordat hij wordt verkocht. Dit betekent dat de producent het bewijs had moeten leveren van de gebruikte biologische grondstof, de druif, in een tijd dat er nog geen Europees biologisch keurmerk bestond. Er zijn reeds zeer strenge controles bij de productie van balsamico. De producenten van balsamico-azijn van hoge kwaliteit moeten bij het bottelen een zeer uitgebreide geur- en smaaktest doorstaan en de kenmerken van het product testen. Een deel van de tests zijn chemische analyses. Wij kennen geen enkele leverancier die het risico zou hebben genomen een product 12 jaar of langer te koesteren om uiteindelijk de test niet te doorstaan wegens het gebruik van chemische additieven, pesticiden of andere hulpmiddelen. De lijst van ingredi\u00ebnten voor de productie van Aceto Balsamico Tradizionale di Modena is beperkt tot precies \u00e9\u00e9n ingredi\u00ebnt: gekookte druivenmost. biologische keurmerken veroorzaken hoge kosten voor kleine bedrijven. De invoering van een biologische certificering kost het familiebedrijf veel geld en vereist een zeer gestructureerde productiedocumentatie. Voor veel van de kleinere landbouwbedrijven staat dit niet in verhouding tot de omzet of kan dit niet worden uitgevoerd. Ondanks de hoge prijzen voor het eindproduct zijn de echte producenten van het zwarte goud, zoals het in Itali\u00eb ook liefkozend wordt genoemd, geen miljonairs. Dit komt doordat de productie van balsamico van zeer hoge kwaliteit, in tegenstelling tot die van industri\u00eble producten, niet wordt opgeschaald tot in het bereik van hectoliters. Veel kleinere wijnbouwers bottelen slechts een paar liter per jaar. Dat is genoeg om van te leven, maar te weinig voor een Ferrari. Niettemin verschijnen de eerste Aceto Balsamico Tradizionale met een biologisch keurmerk geleidelijk op de markt om aan de vraag van de consument te voldoen. In de huidige snel veranderende industrie- en levensmiddelenwereld begrijpen sommige consumenten de bovenstaande argumenten niet en kopen zij liever een 6 maanden oude biologische balsamico met een hoog wijnazijngehalte dan een echt traditioneel natuurproduct. Dan beseffen ze uiteindelijk dat een echt goede balsamico minder te maken heeft met de biologische kwaliteit en meer met de echte rijpingsperiode, de authenticiteit van de producent en de verhoudingen van goede druivenmost. In dit verband wordt bijzondere aandacht besteed aan solidariteitsboerderijen zoals de gemeenschap &#8220;La Laterna di Diogene&#8220;, die zich samen met onder meer verschillende instellingen in Itali\u00eb hebben toegelegd op [&hellip;]<\/p>\n","protected":false},"author":1,"featured_media":0,"comment_status":"open","ping_status":"open","sticky":false,"template":"","format":"standard","meta":{"schema":"","footnotes":""},"categories":[1],"tags":[],"class_list":["post-2326","post","type-post","status-publish","format-standard","hentry","category-algemeen"],"_links":{"self":[{"href":"https:\/\/balsamico.shop\/nl\/wp-json\/wp\/v2\/posts\/2326","targetHints":{"allow":["GET"]}}],"collection":[{"href":"https:\/\/balsamico.shop\/nl\/wp-json\/wp\/v2\/posts"}],"about":[{"href":"https:\/\/balsamico.shop\/nl\/wp-json\/wp\/v2\/types\/post"}],"author":[{"embeddable":true,"href":"https:\/\/balsamico.shop\/nl\/wp-json\/wp\/v2\/users\/1"}],"replies":[{"embeddable":true,"href":"https:\/\/balsamico.shop\/nl\/wp-json\/wp\/v2\/comments?post=2326"}],"version-history":[{"count":5,"href":"https:\/\/balsamico.shop\/nl\/wp-json\/wp\/v2\/posts\/2326\/revisions"}],"predecessor-version":[{"id":3053,"href":"https:\/\/balsamico.shop\/nl\/wp-json\/wp\/v2\/posts\/2326\/revisions\/3053"}],"wp:attachment":[{"href":"https:\/\/balsamico.shop\/nl\/wp-json\/wp\/v2\/media?parent=2326"}],"wp:term":[{"taxonomy":"category","embeddable":true,"href":"https:\/\/balsamico.shop\/nl\/wp-json\/wp\/v2\/categories?post=2326"},{"taxonomy":"post_tag","embeddable":true,"href":"https:\/\/balsamico.shop\/nl\/wp-json\/wp\/v2\/tags?post=2326"}],"curies":[{"name":"wp","href":"https:\/\/api.w.org\/{rel}","templated":true}]}}