{"id":3274,"date":"2019-12-04T11:52:35","date_gmt":"2019-12-04T10:52:35","guid":{"rendered":"https:\/\/balsamico.shop\/de\/?p=3274"},"modified":"2019-12-05T12:57:15","modified_gmt":"2019-12-05T11:57:15","slug":"eugh-urteil-balsamico-kein-geschuetzter-begriff","status":"publish","type":"post","link":"https:\/\/balsamico.shop\/de\/eugh-urteil-balsamico-kein-geschuetzter-begriff\/","title":{"rendered":"EuGH Urteil: &#8222;Balsamico&#8220; kein gesch\u00fctzter Begriff"},"content":{"rendered":"<p><img loading=\"lazy\" decoding=\"async\" class=\"size-full wp-image-3290 alignright\" src=\"https:\/\/balsamico.shop\/de\/wp-content\/uploads\/2019\/12\/eugh.jpg\" alt=\"\" width=\"120\" height=\"115\" \/>Der Europ\u00e4ische Gerichtshof hat heute entschieden, dass die Begriffe &#8222;<strong>Aceto<\/strong>&#8222;, &#8222;<strong>Balsamico<\/strong>&#8220; und &#8222;<strong>Aceto Balsamico<\/strong>&#8220; als Gattungsbegriffe nicht gesch\u00fctzt werden k\u00f6nnen. Mit diesem Urteil ist es nun auch m\u00f6glich, dass Hersteller au\u00dferhalb von Modena ihre Produkte als &#8222;Balsamico&#8220; bezeichnen d\u00fcrfen. Gesch\u00fctzt sind im Gebiet der Europ\u00e4ischen Union lediglich die Begriffe mit regionalem Bezug &#8222;Aceto Balsamico di Modena&#8220;, &#8222;Aceto Balsamico Tradizionale di Modena&#8220; sowie &#8222;Aceto Balsamico Tradizionale di Reggio Emilia&#8220;.<\/p>\n<p>Geklagt hatte das Italienische &#8222;Consorzio Tutela Aceto Balsamico di Modena&#8220; der Dachverband der gro\u00dfen italienischen Balsamicoproduzenten gegen die Balema GmbH, einem regionalen Essighersteller aus Deutschland. Vertreten wurde die Balema GmbH in dem Prozess u.a. durch Lebensmittelrechtler und Anwalt <a href=\"https:\/\/www.squirepattonboggs.com\/de\/professionals\/e\/eggers-christofer\" target=\"_blank\" rel=\"noopener noreferrer\">Dr. Christofer Eggers<\/a> von der Kanzlei Squire Patton Boggs \/ zu Beginn WilmerHale lt. <a href=\"https:\/\/www.juve.de\/nachrichten\/verfahren\/2019\/12\/alles-essig-vor-dem-eugh-squire-mandantin-balema-darf-bezeichnung-balsamico-verwenden\" target=\"_blank\" rel=\"noopener noreferrer\">Juve<\/a>. Gesch\u00e4ftsf\u00fchrer der Balema GmbH, <strong>Theo Berl<\/strong>, <a href=\"https:\/\/taz.de\/EuGH-Urteil-zu-Balsamico\/!5647732\/\" target=\"_blank\" rel=\"noopener noreferrer\">\u00e4u\u00dferte sich in einem aktuellen Artikel der <strong>taz <\/strong><\/a>erfreut \u00fcber den Sieg und k\u00fcndigte gleichzeitig an, dass er bald keinen Essig unter der Bezeichnung &#8222;Balsamico&#8220; mehr verkaufen w\u00fcrde. Begr\u00fcndet hat er dies durch die schlechte Qualit\u00e4t der handels\u00fcblichen Balsamico-Essige mit dem blau\/gelben Siegel von der er sich nun mit seinen Produkten unter der Bezeichnung &#8222;Balemasam&#8220; absetzen m\u00f6chte. Auch der Verband kulinarischer Lebensmittel begr\u00fc\u00dft in <a href=\"https:\/\/kulinariadeutschland.com\/2019\/12\/04\/eugh-stellt-klar-balsamico-darf-auch-aus-deutschland-kommen\/\" target=\"_blank\" rel=\"noopener noreferrer\">seiner Meldung<\/a> die Entscheidung und damit verbundene Rechtssicherheit im Umgang mit dem Begriff Balsamico in Deutschland. Hauptgesch\u00e4ftsf\u00fchrer des Verbandes Dr. Markus Weck f\u00fcgt in einem Interview mit der <a href=\"https:\/\/www.sueddeutsche.de\/wirtschaft\/balsamico-essig-modena-1.4709901\" target=\"_blank\" rel=\"noopener noreferrer\">S\u00fcddeutschen Zeitung<\/a> hinzu: &#8222;<em>Balsamico ist der wichtigste Essig f\u00fcr deutsche Verbraucher.<\/em>&#8220;<\/p>\n<p>Das Konsortium hingegen, welches als Kl\u00e4ger auftrat, brachte in <a href=\"https:\/\/www.ilsole24ore.com\/art\/la-corte-ue-boccia-italia-igp-e-tutelata-ma-aceto-e-balsamico-sono-generici-ACIy9H3\" target=\"_blank\" rel=\"noopener noreferrer\">einem hier ver\u00f6ffentlichten Statement<\/a> der Plattform &#8222;Il Sole 24 Ore&#8220; seine ganze Entt\u00e4uschung zum Ausdruck. <strong>Mariangela Grosoli<\/strong>, Pr\u00e4sidentin des Schutz-Konsortiums und Repr\u00e4sentantin der familieneigenen <a href=\"https:\/\/eng.acetobalsamicodelduca.com\/\" target=\"_blank\" rel=\"noopener noreferrer\">Acetaia del Duca<\/a> sprach von einer ungerechten Entscheidung und einem italienischen System, welches\u00a0seine Forderungen lieber auf regionaler Ebene durchsetzen m\u00f6chte. <em>(Anmerkung der Redaktion: Vermutlich eine Anspielung auf das erst k\u00fcrzlich <a href=\"https:\/\/www.consorziobalsamico.it\/news-blog\/il-termine-balsamico-e-tutelato-contro-le-evocazioni-lo-conferma-la-corte-dappello-di-bologna\/\" target=\"_blank\" rel=\"noopener noreferrer\">gesprochene Urteil aus Bologna<\/a> \/ Italien &#8211; welches im Prinzip das Gegenteil des EuGH Urteils zum Ausdruck brachte.)<\/em><\/p>\n<p>Das EuGH stellte nun am 04.12.2019 im genauen Wortlaut in Punkt 34 des Urteils fest:<\/p>\n<blockquote><p><em>Zudem steht zum einen fest, dass der Begriff \u201eaceto\u201c ein \u00fcblicher Begriff ist, wie der Gerichtshof bereits festgestellt hat (vgl. in diesem Sinne Urteil vom 9.\u00a0Dezember 1981, Kommission\/Italien, 193\/80, EU:C:1981:298, Rn.\u00a025 und 26). Zum anderen ist der Begriff \u201ebalsamico\u201c die italienische \u00dcbersetzung des Adjektivs \u201ebalsamisch\u201c, das keine geografische Konnotation hat und, bezogen auf Essig, \u00fcblicherweise zur Bezeichnung eines durch einen s\u00fc\u00dfsauren Geschmack gekennzeichneten Essigs verwendet wird. Es handelt sich daher ebenfalls um einen \u00fcblichen Begriff im Sinne der in Rn.\u00a026 des vorliegenden Urteils angef\u00fchrten Rechtsprechung.<\/em><\/p><\/blockquote>\n<p>Quelle: <a href=\"http:\/\/curia.europa.eu\/juris\/document\/document.jsf;jsessionid=BAE0C471707B294C31354A330D30A8F1?text=&amp;docid=221302&amp;pageIndex=0&amp;doclang=de&amp;mode=lst&amp;dir=&amp;occ=first&amp;part=1&amp;cid=5837729\" target=\"_blank\" rel=\"noopener noreferrer\">Urteil des EuGH vom 04.12.2019<\/a> &amp; <a href=\"https:\/\/curia.europa.eu\/jcms\/upload\/docs\/application\/pdf\/2019-12\/cp190150de.pdf\" target=\"_blank\" rel=\"noopener noreferrer\">Pressemeldung<\/a> des Gerichts.<\/p>\n<p>Der Bundesgerichtshof hatte die Frage damals zur Kl\u00e4rung der Verwendung der nicht gesch\u00fctzten Einzelbestandteile einer gesch\u00fctzten Bezeichnung an das EuGH abgegeben und bekam nun mit diesem Urteil eine Antwort.<\/p>\n<p>Mit dem Urteil kann man davon ausgehen, dass zuk\u00fcnftig mehr Produkte auf den Markt schwemmen werden, welche sich als &#8222;Balsamico&#8220; oder &#8222;Aceto Balsamico&#8220; bezeichnen und nichts oder wenig mit dem Original aus Modena zu tun haben. Umso bedeutender werden die gesch\u00fctzten Bezeichnungen in Verbindung mit den I.G.P. Siegel (gelb\/blau) sowie dem Spitzenprodukt dem Aceto Balsamico Tradzionale mit seinem gelb-roten D.O.P. Siegel.<\/p>\n<p><a href=\"https:\/\/balsamico.shop\/de\/was-ist-der-unterschied-von-balsamico-und-balsamessig\/\">Lernen Sie mehr \u00fcber die Unterschiede der Balsamico-Typen und Bezeichnungen<\/a>.<\/p>\n","protected":false},"excerpt":{"rendered":"<p>Der Europ\u00e4ische Gerichtshof hat heute entschieden, dass die Begriffe &#8222;Aceto&#8222;, &#8222;Balsamico&#8220; und &#8222;Aceto Balsamico&#8220; als Gattungsbegriffe nicht gesch\u00fctzt werden k\u00f6nnen. Mit diesem Urteil ist es nun auch m\u00f6glich, dass Hersteller au\u00dferhalb von Modena ihre Produkte als &#8222;Balsamico&#8220; bezeichnen d\u00fcrfen. Gesch\u00fctzt sind im Gebiet der Europ\u00e4ischen Union lediglich die Begriffe mit regionalem Bezug &#8222;Aceto Balsamico di Modena&#8220;, &#8222;Aceto Balsamico Tradizionale di Modena&#8220; sowie &#8222;Aceto Balsamico Tradizionale di Reggio Emilia&#8220;. Geklagt hatte das Italienische &#8222;Consorzio Tutela Aceto Balsamico di Modena&#8220; der Dachverband der gro\u00dfen italienischen Balsamicoproduzenten gegen die Balema GmbH, einem regionalen Essighersteller aus Deutschland. Vertreten wurde die Balema GmbH in dem Prozess u.a. durch Lebensmittelrechtler und Anwalt Dr. Christofer Eggers von der Kanzlei Squire Patton Boggs \/ zu Beginn WilmerHale lt. Juve. Gesch\u00e4ftsf\u00fchrer der Balema GmbH, Theo Berl, \u00e4u\u00dferte sich in einem aktuellen Artikel der taz erfreut \u00fcber den Sieg und k\u00fcndigte gleichzeitig an, dass er bald keinen Essig unter der Bezeichnung &#8222;Balsamico&#8220; mehr verkaufen w\u00fcrde. Begr\u00fcndet hat er dies durch die schlechte Qualit\u00e4t der handels\u00fcblichen Balsamico-Essige mit dem blau\/gelben Siegel von der er sich nun mit seinen Produkten unter der Bezeichnung &#8222;Balemasam&#8220; absetzen m\u00f6chte. Auch der Verband kulinarischer Lebensmittel begr\u00fc\u00dft in seiner Meldung die Entscheidung und damit verbundene Rechtssicherheit im Umgang mit dem Begriff Balsamico in Deutschland. Hauptgesch\u00e4ftsf\u00fchrer des Verbandes Dr. Markus Weck f\u00fcgt in einem Interview mit der S\u00fcddeutschen Zeitung hinzu: &#8222;Balsamico ist der wichtigste Essig f\u00fcr deutsche Verbraucher.&#8220; Das Konsortium hingegen, welches als Kl\u00e4ger auftrat, brachte in einem hier ver\u00f6ffentlichten Statement der Plattform &#8222;Il Sole 24 Ore&#8220; seine ganze Entt\u00e4uschung zum Ausdruck. Mariangela Grosoli, Pr\u00e4sidentin des Schutz-Konsortiums und Repr\u00e4sentantin der familieneigenen Acetaia del Duca sprach von einer ungerechten Entscheidung und einem italienischen System, welches\u00a0seine Forderungen lieber auf regionaler Ebene durchsetzen m\u00f6chte. (Anmerkung der Redaktion: Vermutlich eine Anspielung auf das erst k\u00fcrzlich gesprochene Urteil aus Bologna \/ Italien &#8211; welches im Prinzip das Gegenteil des EuGH Urteils zum Ausdruck brachte.) Das EuGH stellte nun am 04.12.2019 im genauen Wortlaut in Punkt 34 des Urteils fest: Zudem steht zum einen fest, dass der Begriff \u201eaceto\u201c ein \u00fcblicher Begriff ist, wie der Gerichtshof bereits festgestellt hat (vgl. in diesem Sinne Urteil vom 9.\u00a0Dezember 1981, Kommission\/Italien, 193\/80, EU:C:1981:298, Rn.\u00a025 und 26). Zum anderen ist der Begriff \u201ebalsamico\u201c die italienische \u00dcbersetzung des Adjektivs \u201ebalsamisch\u201c, das keine geografische Konnotation hat und, bezogen auf Essig, \u00fcblicherweise zur Bezeichnung eines durch einen s\u00fc\u00dfsauren Geschmack gekennzeichneten Essigs verwendet wird. Es handelt sich daher ebenfalls um einen \u00fcblichen Begriff im Sinne der in Rn.\u00a026 des vorliegenden Urteils angef\u00fchrten Rechtsprechung. Quelle: Urteil des EuGH vom 04.12.2019 &amp; Pressemeldung des Gerichts. Der Bundesgerichtshof hatte die Frage damals zur Kl\u00e4rung der Verwendung der nicht gesch\u00fctzten Einzelbestandteile einer gesch\u00fctzten Bezeichnung an das EuGH abgegeben und bekam nun mit diesem Urteil eine Antwort. Mit dem Urteil kann man davon ausgehen, dass zuk\u00fcnftig mehr Produkte auf den Markt schwemmen werden, welche sich als &#8222;Balsamico&#8220; oder &#8222;Aceto Balsamico&#8220; bezeichnen und nichts oder wenig mit dem Original aus Modena zu tun haben. Umso bedeutender werden die gesch\u00fctzten Bezeichnungen in Verbindung mit den I.G.P. Siegel (gelb\/blau) sowie [&hellip;]<\/p>\n","protected":false},"author":1,"featured_media":0,"comment_status":"closed","ping_status":"closed","sticky":false,"template":"","format":"standard","meta":{"schema":"","footnotes":""},"categories":[1],"tags":[],"class_list":["post-3274","post","type-post","status-publish","format-standard","hentry","category-allgemein"],"yoast_head":"<!-- This site is optimized with the Yoast SEO plugin v27.3 - https:\/\/yoast.com\/product\/yoast-seo-wordpress\/ -->\n<title>EuGH Urteil: &quot;Balsamico&quot; kein gesch\u00fctzter Begriff &#187; Aceto Balsamico Shop<\/title>\n<meta name=\"robots\" content=\"index, follow, max-snippet:-1, max-image-preview:large, max-video-preview:-1\" \/>\n<link rel=\"canonical\" href=\"https:\/\/balsamico.shop\/de\/eugh-urteil-balsamico-kein-geschuetzter-begriff\/\" \/>\n<script type=\"application\/ld+json\" class=\"yoast-schema-graph\">{\"@context\":\"https:\\\/\\\/schema.org\",\"@graph\":[{\"@type\":\"ImageObject\",\"inLanguage\":\"de\",\"@id\":\"https:\\\/\\\/balsamico.shop\\\/de\\\/eugh-urteil-balsamico-kein-geschuetzter-begriff\\\/#primaryimage\",\"url\":\"https:\\\/\\\/balsamico.shop\\\/de\\\/wp-content\\\/uploads\\\/2019\\\/12\\\/eugh.jpg\",\"contentUrl\":\"https:\\\/\\\/balsamico.shop\\\/de\\\/wp-content\\\/uploads\\\/2019\\\/12\\\/eugh.jpg\",\"width\":120,\"height\":115},{\"@type\":\"BreadcrumbList\",\"@id\":\"https:\\\/\\\/balsamico.shop\\\/de\\\/eugh-urteil-balsamico-kein-geschuetzter-begriff\\\/#breadcrumb\",\"itemListElement\":[{\"@type\":\"ListItem\",\"position\":1,\"name\":\"Startseite\",\"item\":\"https:\\\/\\\/balsamico.shop\\\/de\\\/\"},{\"@type\":\"ListItem\",\"position\":2,\"name\":\"EuGH Urteil: &#8222;Balsamico&#8220; kein gesch\u00fctzter Begriff\"}]},{\"@type\":\"WebSite\",\"@id\":\"https:\\\/\\\/balsamico.shop\\\/de\\\/#website\",\"url\":\"https:\\\/\\\/balsamico.shop\\\/de\\\/\",\"name\":\"Aceto Balsamico Shop\",\"description\":\"Shop f\u00fcr Balsamico aus Modena &amp; Reggio Emilia\",\"publisher\":{\"@id\":\"https:\\\/\\\/balsamico.shop\\\/de\\\/#organization\"},\"potentialAction\":[{\"@type\":\"SearchAction\",\"target\":{\"@type\":\"EntryPoint\",\"urlTemplate\":\"https:\\\/\\\/balsamico.shop\\\/de\\\/?s={search_term_string}\"},\"query-input\":{\"@type\":\"PropertyValueSpecification\",\"valueRequired\":true,\"valueName\":\"search_term_string\"}}],\"inLanguage\":\"de\"},{\"@type\":\"Organization\",\"@id\":\"https:\\\/\\\/balsamico.shop\\\/de\\\/#organization\",\"name\":\"Bernardo Tesori\",\"url\":\"https:\\\/\\\/balsamico.shop\\\/de\\\/\",\"logo\":{\"@type\":\"ImageObject\",\"inLanguage\":\"de\",\"@id\":\"https:\\\/\\\/balsamico.shop\\\/de\\\/#\\\/schema\\\/logo\\\/image\\\/\",\"url\":\"https:\\\/\\\/balsamico.shop\\\/de\\\/wp-content\\\/uploads\\\/2016\\\/04\\\/logo_bernardo.png\",\"contentUrl\":\"https:\\\/\\\/balsamico.shop\\\/de\\\/wp-content\\\/uploads\\\/2016\\\/04\\\/logo_bernardo.png\",\"width\":278,\"height\":466,\"caption\":\"Bernardo Tesori\"},\"image\":{\"@id\":\"https:\\\/\\\/balsamico.shop\\\/de\\\/#\\\/schema\\\/logo\\\/image\\\/\"}}]}<\/script>\n<!-- \/ Yoast SEO plugin. -->","yoast_head_json":{"title":"EuGH Urteil: \"Balsamico\" kein gesch\u00fctzter Begriff &#187; Aceto Balsamico Shop","robots":{"index":"index","follow":"follow","max-snippet":"max-snippet:-1","max-image-preview":"max-image-preview:large","max-video-preview":"max-video-preview:-1"},"canonical":"https:\/\/balsamico.shop\/de\/eugh-urteil-balsamico-kein-geschuetzter-begriff\/","schema":{"@context":"https:\/\/schema.org","@graph":[{"@type":"ImageObject","inLanguage":"de","@id":"https:\/\/balsamico.shop\/de\/eugh-urteil-balsamico-kein-geschuetzter-begriff\/#primaryimage","url":"https:\/\/balsamico.shop\/de\/wp-content\/uploads\/2019\/12\/eugh.jpg","contentUrl":"https:\/\/balsamico.shop\/de\/wp-content\/uploads\/2019\/12\/eugh.jpg","width":120,"height":115},{"@type":"BreadcrumbList","@id":"https:\/\/balsamico.shop\/de\/eugh-urteil-balsamico-kein-geschuetzter-begriff\/#breadcrumb","itemListElement":[{"@type":"ListItem","position":1,"name":"Startseite","item":"https:\/\/balsamico.shop\/de\/"},{"@type":"ListItem","position":2,"name":"EuGH Urteil: &#8222;Balsamico&#8220; kein gesch\u00fctzter Begriff"}]},{"@type":"WebSite","@id":"https:\/\/balsamico.shop\/de\/#website","url":"https:\/\/balsamico.shop\/de\/","name":"Aceto Balsamico Shop","description":"Shop f\u00fcr Balsamico aus Modena &amp; Reggio Emilia","publisher":{"@id":"https:\/\/balsamico.shop\/de\/#organization"},"potentialAction":[{"@type":"SearchAction","target":{"@type":"EntryPoint","urlTemplate":"https:\/\/balsamico.shop\/de\/?s={search_term_string}"},"query-input":{"@type":"PropertyValueSpecification","valueRequired":true,"valueName":"search_term_string"}}],"inLanguage":"de"},{"@type":"Organization","@id":"https:\/\/balsamico.shop\/de\/#organization","name":"Bernardo Tesori","url":"https:\/\/balsamico.shop\/de\/","logo":{"@type":"ImageObject","inLanguage":"de","@id":"https:\/\/balsamico.shop\/de\/#\/schema\/logo\/image\/","url":"https:\/\/balsamico.shop\/de\/wp-content\/uploads\/2016\/04\/logo_bernardo.png","contentUrl":"https:\/\/balsamico.shop\/de\/wp-content\/uploads\/2016\/04\/logo_bernardo.png","width":278,"height":466,"caption":"Bernardo Tesori"},"image":{"@id":"https:\/\/balsamico.shop\/de\/#\/schema\/logo\/image\/"}}]}},"_links":{"self":[{"href":"https:\/\/balsamico.shop\/de\/wp-json\/wp\/v2\/posts\/3274","targetHints":{"allow":["GET"]}}],"collection":[{"href":"https:\/\/balsamico.shop\/de\/wp-json\/wp\/v2\/posts"}],"about":[{"href":"https:\/\/balsamico.shop\/de\/wp-json\/wp\/v2\/types\/post"}],"author":[{"embeddable":true,"href":"https:\/\/balsamico.shop\/de\/wp-json\/wp\/v2\/users\/1"}],"replies":[{"embeddable":true,"href":"https:\/\/balsamico.shop\/de\/wp-json\/wp\/v2\/comments?post=3274"}],"version-history":[{"count":17,"href":"https:\/\/balsamico.shop\/de\/wp-json\/wp\/v2\/posts\/3274\/revisions"}],"predecessor-version":[{"id":3307,"href":"https:\/\/balsamico.shop\/de\/wp-json\/wp\/v2\/posts\/3274\/revisions\/3307"}],"wp:attachment":[{"href":"https:\/\/balsamico.shop\/de\/wp-json\/wp\/v2\/media?parent=3274"}],"wp:term":[{"taxonomy":"category","embeddable":true,"href":"https:\/\/balsamico.shop\/de\/wp-json\/wp\/v2\/categories?post=3274"},{"taxonomy":"post_tag","embeddable":true,"href":"https:\/\/balsamico.shop\/de\/wp-json\/wp\/v2\/tags?post=3274"}],"curies":[{"name":"wp","href":"https:\/\/api.w.org\/{rel}","templated":true}]}}