{"id":2800,"date":"2019-06-30T13:56:20","date_gmt":"2019-06-30T11:56:20","guid":{"rendered":"https:\/\/balsamico.shop\/de\/?p=2800"},"modified":"2019-06-30T14:07:54","modified_gmt":"2019-06-30T12:07:54","slug":"balsamico-herstellung-unesco-weltkulterbe","status":"publish","type":"post","link":"https:\/\/balsamico.shop\/de\/balsamico-herstellung-unesco-weltkulterbe\/","title":{"rendered":"Die Kunst der Balsamico Herstellung bald UNESCO Weltkulterbe?"},"content":{"rendered":"<p>Nachdem die Kunst der neapolitanischen Pizzaherstellung seit wenigen Jahren als <a href=\"https:\/\/www.portanapoli.de\/aktuelles\/kunst-des-neapolitanischen-pizzab%C3%A4ckers-ist-unesco-kulturerbe\" target=\"_blank\" rel=\"noopener noreferrer\">immaterielles UNESCO Weltkulturerbe<\/a> aufgenommen wurde, streben nun auch die Modenesen mit der Herstellung des traditionellen Aceto Balsamico Tradizionale diesen Status an. Auf dem vergangenen 53. Palio, einem j\u00e4hrlichen Wettbewerber unter Balsamico-Kennern in Spilamberto, der Hochburg des Balsamicos in der N\u00e4he von Modena, <a href=\"http:\/\/www.tvqui.it\/video\/home\/158580\/spilamberto-al-palio-di-san-giovanni-e-incoronato-il-re-dellaceto.html\" target=\"_blank\" rel=\"noopener noreferrer\">appellierte Gran Maestro <strong>Maurizio Fini<\/strong><\/a> (in Italienisch) an die G\u00e4ste und Teilnehmer, die Tradition zur Herstellung des Balsamicos f\u00fcr den Schutz durch das immaterielle UNESCO Weltkultrerbe vorzubereiten.<\/p>\n<p><img loading=\"lazy\" decoding=\"async\" class=\"alignnone wp-image-2801 size-full\" src=\"https:\/\/balsamico.shop\/de\/wp-content\/uploads\/2019\/06\/balsamico-unesco-appel.png\" alt=\"Maurzio Fini - Consortoria Dell' Aceto Balsamico Tradizionale Spilamberto - UNESCO Weltkulturerbe Balsamico\" width=\"652\" height=\"500\" srcset=\"https:\/\/balsamico.shop\/de\/wp-content\/uploads\/2019\/06\/balsamico-unesco-appel.png 652w, https:\/\/balsamico.shop\/de\/wp-content\/uploads\/2019\/06\/balsamico-unesco-appel-300x230.png 300w, https:\/\/balsamico.shop\/de\/wp-content\/uploads\/2019\/06\/balsamico-unesco-appel-390x299.png 390w, https:\/\/balsamico.shop\/de\/wp-content\/uploads\/2019\/06\/balsamico-unesco-appel-600x460.png 600w\" sizes=\"auto, (max-width: 652px) 100vw, 652px\" \/><\/p>\n<blockquote><p><em>Es w\u00e4re eine noch gr\u00f6\u00dfere Kr\u00f6nung als jene, die seit 53 Jahren in Spilamberto wiederholt werden, der F\u00f6rderung des Balsamico-Essigs zum &#8222;UNESCO immateriellen Kulturerbe&#8220;. Die Auszeichnung w\u00fcrde den Wert sowie die Kunst der Balsamico Herstellung st\u00e4rker in Welt unterstreichen und zudem w\u00fcrde eine solche Auszeichnung eine positive Wirkung auf die Region, deren Wirtschaft und Ihrer Essigwinzer ausstrahlen<\/em>, so Fini sinngem\u00e4\u00df.<\/p><\/blockquote>\n<p><strong>\u00dcber 1.500 Teilnehmer<\/strong> reichten 2019 beim <a href=\"http:\/\/consorteria-abtm.it\/palio\/\" target=\"_blank\" rel=\"noopener noreferrer\">Palio<\/a> di San Giovanni Ihre Balsamicoproben zur Teilnahme ein. Alle diese Proben wurden von ausgebildeten Verkostern \u00fcber mehrere Wochen lang blindverkostet, um am Ende einen Sieger zu k\u00fcren. In diesem Jahr gewann\u00a0<strong>Roberto Cavoli<\/strong> mit seinem traditionell hergestellten Balsamico und einer Punktzahl von 320,96.\u00a0 Auch damaliger Finalist <strong>Franco Mazzi<\/strong>, erreichte einen sensationellen 5. Platz in diesem Jahr!<\/p>\n<p>Im kommenden Jahr, wird die Veranstaltung der Umwelt zu Liebe auf den Einsatz von Plastikl\u00f6ffeln zur Verkostung verzichten und auf wiederverwendbare Keramikl\u00f6ffel umschwenken, somit werden pro Jahr die gigantische Anzahl von ca. 18 Tausend L\u00f6ffel eingespart.<\/p>\n<p>Wir gratulieren allen Gewinnern des Palio di San Giovanni und w\u00fcnschen den Veranstaltern Gl\u00fcck bei der Umsetzung der Bewerbung zum immateriellen <strong>UNESCO Weltkulturerbe<\/strong>!<\/p>\n","protected":false},"excerpt":{"rendered":"<p>Nachdem die Kunst der neapolitanischen Pizzaherstellung seit wenigen Jahren als immaterielles UNESCO Weltkulturerbe aufgenommen wurde, streben nun auch die Modenesen mit der Herstellung des traditionellen Aceto Balsamico Tradizionale diesen Status an. Auf dem vergangenen 53. Palio, einem j\u00e4hrlichen Wettbewerber unter Balsamico-Kennern in Spilamberto, der Hochburg des Balsamicos in der N\u00e4he von Modena, appellierte Gran Maestro Maurizio Fini (in Italienisch) an die G\u00e4ste und Teilnehmer, die Tradition zur Herstellung des Balsamicos f\u00fcr den Schutz durch das immaterielle UNESCO Weltkultrerbe vorzubereiten. Es w\u00e4re eine noch gr\u00f6\u00dfere Kr\u00f6nung als jene, die seit 53 Jahren in Spilamberto wiederholt werden, der F\u00f6rderung des Balsamico-Essigs zum &#8222;UNESCO immateriellen Kulturerbe&#8220;. Die Auszeichnung w\u00fcrde den Wert sowie die Kunst der Balsamico Herstellung st\u00e4rker in Welt unterstreichen und zudem w\u00fcrde eine solche Auszeichnung eine positive Wirkung auf die Region, deren Wirtschaft und Ihrer Essigwinzer ausstrahlen, so Fini sinngem\u00e4\u00df. \u00dcber 1.500 Teilnehmer reichten 2019 beim Palio di San Giovanni Ihre Balsamicoproben zur Teilnahme ein. Alle diese Proben wurden von ausgebildeten Verkostern \u00fcber mehrere Wochen lang blindverkostet, um am Ende einen Sieger zu k\u00fcren. In diesem Jahr gewann\u00a0Roberto Cavoli mit seinem traditionell hergestellten Balsamico und einer Punktzahl von 320,96.\u00a0 Auch damaliger Finalist Franco Mazzi, erreichte einen sensationellen 5. Platz in diesem Jahr! Im kommenden Jahr, wird die Veranstaltung der Umwelt zu Liebe auf den Einsatz von Plastikl\u00f6ffeln zur Verkostung verzichten und auf wiederverwendbare Keramikl\u00f6ffel umschwenken, somit werden pro Jahr die gigantische Anzahl von ca. 18 Tausend L\u00f6ffel eingespart. Wir gratulieren allen Gewinnern des Palio di San Giovanni und w\u00fcnschen den Veranstaltern Gl\u00fcck bei der Umsetzung der Bewerbung zum immateriellen UNESCO Weltkulturerbe!<\/p>\n","protected":false},"author":1,"featured_media":0,"comment_status":"closed","ping_status":"closed","sticky":false,"template":"","format":"standard","meta":{"schema":"","footnotes":""},"categories":[1],"tags":[],"class_list":["post-2800","post","type-post","status-publish","format-standard","hentry","category-allgemein"],"yoast_head":"<!-- This site is optimized with the Yoast SEO plugin v27.3 - https:\/\/yoast.com\/product\/yoast-seo-wordpress\/ -->\n<title>Die Kunst der Balsamico Herstellung bald UNESCO Weltkulterbe? &#187; Aceto Balsamico Shop<\/title>\n<meta name=\"robots\" content=\"index, follow, max-snippet:-1, max-image-preview:large, max-video-preview:-1\" \/>\n<link rel=\"canonical\" href=\"https:\/\/balsamico.shop\/de\/balsamico-herstellung-unesco-weltkulterbe\/\" \/>\n<script type=\"application\/ld+json\" class=\"yoast-schema-graph\">{\"@context\":\"https:\\\/\\\/schema.org\",\"@graph\":[{\"@type\":\"ImageObject\",\"inLanguage\":\"de\",\"@id\":\"https:\\\/\\\/balsamico.shop\\\/de\\\/balsamico-herstellung-unesco-weltkulterbe\\\/#primaryimage\",\"url\":\"https:\\\/\\\/balsamico.shop\\\/de\\\/wp-content\\\/uploads\\\/2019\\\/06\\\/balsamico-unesco-appel.png\",\"contentUrl\":\"https:\\\/\\\/balsamico.shop\\\/de\\\/wp-content\\\/uploads\\\/2019\\\/06\\\/balsamico-unesco-appel.png\",\"width\":652,\"height\":500},{\"@type\":\"BreadcrumbList\",\"@id\":\"https:\\\/\\\/balsamico.shop\\\/de\\\/balsamico-herstellung-unesco-weltkulterbe\\\/#breadcrumb\",\"itemListElement\":[{\"@type\":\"ListItem\",\"position\":1,\"name\":\"Startseite\",\"item\":\"https:\\\/\\\/balsamico.shop\\\/de\\\/\"},{\"@type\":\"ListItem\",\"position\":2,\"name\":\"Die Kunst der Balsamico Herstellung bald UNESCO Weltkulterbe?\"}]},{\"@type\":\"WebSite\",\"@id\":\"https:\\\/\\\/balsamico.shop\\\/de\\\/#website\",\"url\":\"https:\\\/\\\/balsamico.shop\\\/de\\\/\",\"name\":\"Aceto Balsamico Shop\",\"description\":\"Shop f\u00fcr Balsamico aus Modena &amp; Reggio Emilia\",\"publisher\":{\"@id\":\"https:\\\/\\\/balsamico.shop\\\/de\\\/#organization\"},\"potentialAction\":[{\"@type\":\"SearchAction\",\"target\":{\"@type\":\"EntryPoint\",\"urlTemplate\":\"https:\\\/\\\/balsamico.shop\\\/de\\\/?s={search_term_string}\"},\"query-input\":{\"@type\":\"PropertyValueSpecification\",\"valueRequired\":true,\"valueName\":\"search_term_string\"}}],\"inLanguage\":\"de\"},{\"@type\":\"Organization\",\"@id\":\"https:\\\/\\\/balsamico.shop\\\/de\\\/#organization\",\"name\":\"Bernardo Tesori\",\"url\":\"https:\\\/\\\/balsamico.shop\\\/de\\\/\",\"logo\":{\"@type\":\"ImageObject\",\"inLanguage\":\"de\",\"@id\":\"https:\\\/\\\/balsamico.shop\\\/de\\\/#\\\/schema\\\/logo\\\/image\\\/\",\"url\":\"https:\\\/\\\/balsamico.shop\\\/de\\\/wp-content\\\/uploads\\\/2016\\\/04\\\/logo_bernardo.png\",\"contentUrl\":\"https:\\\/\\\/balsamico.shop\\\/de\\\/wp-content\\\/uploads\\\/2016\\\/04\\\/logo_bernardo.png\",\"width\":278,\"height\":466,\"caption\":\"Bernardo Tesori\"},\"image\":{\"@id\":\"https:\\\/\\\/balsamico.shop\\\/de\\\/#\\\/schema\\\/logo\\\/image\\\/\"}}]}<\/script>\n<!-- \/ Yoast SEO plugin. -->","yoast_head_json":{"title":"Die Kunst der Balsamico Herstellung bald UNESCO Weltkulterbe? &#187; Aceto Balsamico Shop","robots":{"index":"index","follow":"follow","max-snippet":"max-snippet:-1","max-image-preview":"max-image-preview:large","max-video-preview":"max-video-preview:-1"},"canonical":"https:\/\/balsamico.shop\/de\/balsamico-herstellung-unesco-weltkulterbe\/","schema":{"@context":"https:\/\/schema.org","@graph":[{"@type":"ImageObject","inLanguage":"de","@id":"https:\/\/balsamico.shop\/de\/balsamico-herstellung-unesco-weltkulterbe\/#primaryimage","url":"https:\/\/balsamico.shop\/de\/wp-content\/uploads\/2019\/06\/balsamico-unesco-appel.png","contentUrl":"https:\/\/balsamico.shop\/de\/wp-content\/uploads\/2019\/06\/balsamico-unesco-appel.png","width":652,"height":500},{"@type":"BreadcrumbList","@id":"https:\/\/balsamico.shop\/de\/balsamico-herstellung-unesco-weltkulterbe\/#breadcrumb","itemListElement":[{"@type":"ListItem","position":1,"name":"Startseite","item":"https:\/\/balsamico.shop\/de\/"},{"@type":"ListItem","position":2,"name":"Die Kunst der Balsamico Herstellung bald UNESCO Weltkulterbe?"}]},{"@type":"WebSite","@id":"https:\/\/balsamico.shop\/de\/#website","url":"https:\/\/balsamico.shop\/de\/","name":"Aceto Balsamico Shop","description":"Shop f\u00fcr Balsamico aus Modena &amp; Reggio Emilia","publisher":{"@id":"https:\/\/balsamico.shop\/de\/#organization"},"potentialAction":[{"@type":"SearchAction","target":{"@type":"EntryPoint","urlTemplate":"https:\/\/balsamico.shop\/de\/?s={search_term_string}"},"query-input":{"@type":"PropertyValueSpecification","valueRequired":true,"valueName":"search_term_string"}}],"inLanguage":"de"},{"@type":"Organization","@id":"https:\/\/balsamico.shop\/de\/#organization","name":"Bernardo Tesori","url":"https:\/\/balsamico.shop\/de\/","logo":{"@type":"ImageObject","inLanguage":"de","@id":"https:\/\/balsamico.shop\/de\/#\/schema\/logo\/image\/","url":"https:\/\/balsamico.shop\/de\/wp-content\/uploads\/2016\/04\/logo_bernardo.png","contentUrl":"https:\/\/balsamico.shop\/de\/wp-content\/uploads\/2016\/04\/logo_bernardo.png","width":278,"height":466,"caption":"Bernardo Tesori"},"image":{"@id":"https:\/\/balsamico.shop\/de\/#\/schema\/logo\/image\/"}}]}},"_links":{"self":[{"href":"https:\/\/balsamico.shop\/de\/wp-json\/wp\/v2\/posts\/2800","targetHints":{"allow":["GET"]}}],"collection":[{"href":"https:\/\/balsamico.shop\/de\/wp-json\/wp\/v2\/posts"}],"about":[{"href":"https:\/\/balsamico.shop\/de\/wp-json\/wp\/v2\/types\/post"}],"author":[{"embeddable":true,"href":"https:\/\/balsamico.shop\/de\/wp-json\/wp\/v2\/users\/1"}],"replies":[{"embeddable":true,"href":"https:\/\/balsamico.shop\/de\/wp-json\/wp\/v2\/comments?post=2800"}],"version-history":[{"count":6,"href":"https:\/\/balsamico.shop\/de\/wp-json\/wp\/v2\/posts\/2800\/revisions"}],"predecessor-version":[{"id":2807,"href":"https:\/\/balsamico.shop\/de\/wp-json\/wp\/v2\/posts\/2800\/revisions\/2807"}],"wp:attachment":[{"href":"https:\/\/balsamico.shop\/de\/wp-json\/wp\/v2\/media?parent=2800"}],"wp:term":[{"taxonomy":"category","embeddable":true,"href":"https:\/\/balsamico.shop\/de\/wp-json\/wp\/v2\/categories?post=2800"},{"taxonomy":"post_tag","embeddable":true,"href":"https:\/\/balsamico.shop\/de\/wp-json\/wp\/v2\/tags?post=2800"}],"curies":[{"name":"wp","href":"https:\/\/api.w.org\/{rel}","templated":true}]}}