{"id":172,"date":"2016-04-26T19:25:45","date_gmt":"2016-04-26T17:25:45","guid":{"rendered":"https:\/\/de.aceto-balsamico-tradizionale.com\/?p=172"},"modified":"2025-10-22T21:50:33","modified_gmt":"2025-10-22T19:50:33","slug":"definition-eines-aceto-balsamico-tradizionale","status":"publish","type":"post","link":"https:\/\/balsamico.shop\/de\/definition-eines-aceto-balsamico-tradizionale\/","title":{"rendered":"Definition eines Aceto Balsamico Tradizionale di Modena DOP"},"content":{"rendered":"<p>Nach dem Antrag des Consorzio tra Produttori di Aceto Balsamico Tradizionale di Modena (seit 2011 nennt sich die Vereinigung <a href=\"https:\/\/www.facebook.com\/ConsorzioProduttoriAnticheAcetaie\" target=\"_blank\" rel=\"noopener\">Consorzio Produttori Antiche Acetaie<\/a>) bei der Europ\u00e4ischen Union definiert sich der Aceto Balsamico Tradizionale di Modena DOP wie folgt:<\/p>\n<p><strong><img loading=\"lazy\" decoding=\"async\" class=\"alignright wp-image-14075\" src=\"https:\/\/balsamico.shop\/de\/wp-content\/uploads\/2023\/06\/ABTM.png\" alt=\"Aceto Balsamico Tradizionale di Modena DOP\" width=\"546\" height=\"409\" srcset=\"https:\/\/balsamico.shop\/de\/wp-content\/uploads\/2023\/06\/ABTM.png 1024w, https:\/\/balsamico.shop\/de\/wp-content\/uploads\/2023\/06\/ABTM-300x225.png 300w, https:\/\/balsamico.shop\/de\/wp-content\/uploads\/2023\/06\/ABTM-768x576.png 768w, https:\/\/balsamico.shop\/de\/wp-content\/uploads\/2023\/06\/ABTM-870x653.png 870w, https:\/\/balsamico.shop\/de\/wp-content\/uploads\/2023\/06\/ABTM-390x293.png 390w, https:\/\/balsamico.shop\/de\/wp-content\/uploads\/2023\/06\/ABTM-600x450.png 600w, https:\/\/balsamico.shop\/de\/wp-content\/uploads\/2023\/06\/ABTM-150x113.png 150w\" sizes=\"auto, (max-width: 546px) 100vw, 546px\" \/>Art des Erzeugnisses:<\/strong>\u00a0 W\u00fcrzmittel<\/p>\n<p><strong>Name:<\/strong> Aceto Balsamico Tradizionale di Modena<\/p>\n<p><strong>Aceto Balsamico Tradizionale di Modena mu\u00df beim Inverkehrbringen folgende Merkmale aufweisen:<\/strong><\/p>\n<p><strong>Farbe<\/strong>: dunkelbraun, stark leuchtend<\/p>\n<p><strong>Dichte<\/strong>: Das echte Erzeugnis zeigt fl\u00fcssige, sirupartige Beschaffenheit.<\/p>\n<p><strong>Geruch<\/strong>: charakteristisches, wohlriechendes, insgesamt homogenes, durchdringendes und anhaltendes Bouquet, mit vorherrschender aber angenehmer und harmonischer S\u00e4ure.<\/p>\n<p><strong>Geschmack<\/strong>: Einen f\u00fcr einen Aceto Balsamico charakteristischen Geschmack, wie er sich in kontinuierlicher unver\u00e4nderter Tradition im Laufe der Jahrhunderte herausgebildet hat. In der wohlausgewogenen Mischung von s\u00fc\u00df und sauer weist die wahrnehmbare S\u00e4ure eine leicht aromatische Note auf, die unter dem Einflu\u00df der verschiedenen H\u00f6lzer entsteht und lebhafte, frische, samtige, intensive und ausdauernde Komponenten besitzt, die sich mit den typischen Geruchsmerkmalen gut verbinden.<\/p>\n<p><strong>Gesamts\u00e4ure<\/strong>: nicht unter 4,5 Grad (ausgedr\u00fcckt als Gramm Essigs\u00e4ure je 100 Gramm des Erzeugnisses)<\/p>\n<p><strong>Dichte bei 20\u00b0C<\/strong>: nicht unter 1,240<\/p>\n<p>Das Erzeugnis wird aus Traubenmosten gewonnen. Die Flaschenabf\u00fcllung erfolgt innerhalb des Verwaltungsgebiets der Provinz Modena in die in ihrer runden Form mit rechteckigem Sockel aus Massivglas einmaligen kristallklaren Glasbeh\u00e4ltnisse.<\/p>\n<p><strong>Geographisches Gebiet:\u00a0<\/strong>\u00a0 Alle Gemeinden der Provinz Modena.<\/p>\n<p><strong>Ursprungsnachweis:<\/strong><br \/>\nDer &#8222;Aceto Balsamico Tradizionale di Modena&#8220; wird in einer Vielzahl historischer Berichte erw\u00e4hnt.\u00a0 Der Begriff &#8222;balsamico&#8220; neben dem Wort Aceto (Essig) tritt erstmals im 17. Jahrhundert auf als Eintragung in das Register der Weinernten und -verk\u00e4ufe des Jahres 1747 auf Rechnung der Cantine Segrete Ducali (der geheimen herzoglichen Kellereien lt. Staatsarchiv, Modena). Gleichwohl reichen die Wurzeln dieser traditionellen Erzeugung eines &#8222;sehr bemerkenswerten&#8220; Aceto Balsamico in einem doch ziemlich kleinen Gebiet wie der Provinz Modena sehr weit zur\u00fcck: so finden sich bereits im Jahr 1508 pr\u00e4zise Zeugnisse vom Hofe des Herzogs von Modena, <a href=\"http:\/\/www.lucrezia-borgia.de\/leben\/ehemann-alfonso-d-este.php\" target=\"_blank\" rel=\"noopener\">Alfonso I de Este<\/a>, dem Ehemann von <a href=\"http:\/\/www.mein-italien.info\/geschichte\/lucrezia-borgia.htm\" target=\"_blank\" rel=\"noopener\">Lucrezia Borgia<\/a>.<\/p>\n<p>Weiter berichten Dokumente und Manuskripte aus dem XVI. Jahrhundert und dem Jahr 1796 \u00fcber gut ausgereifte Moste, die f\u00fcr die Erzeugung des Aceto Balsamico a la modenese verwendet werden und unterstreichen die Aufbewahrung von 36 F\u00e4ssern im dritten nach San Domenico ausgerichteten Turm des Herzogspalastes.<\/p>\n<p>Interessanterweise zeigen sich in diesen ersten \u00dcberlieferungen immer wieder zwei f\u00fcr die Erzeugung des &#8222;Aceto Balsamico Tradizionale di Modena&#8220; grundlegende Konstanten: als Ausgangserzeugnis dient der aus den in der Provinz Modena angebauten typischen Trauben gewonnene gekochte Most; die in h\u00f6her gelegenen R\u00e4umen, im allgemeinen auf Dachb\u00f6den eingerichteten Produktionsst\u00e4tten. Die erste kodifizierte Erzeugung des &#8222;Aceto Balsamico Tradizionale di Modena&#8220; ist einem von Francesco Aggazzotti an Pio Fabriani im Jahr 1860 gesandten handschriftlichen Briefe zu entnehmen.<br \/>\nAb diesem Zeitpunkt wird \u00fcber diese Erzeugung nicht nur viel h\u00e4ufiger sondern wegen des kommerziellen Vertriebs auch offiziell berichtet: Agrarausstellung 1863 in Modena, Emiliana-Ausstellung des Jahres 1888 in Bologna, gedrucktes Faltblatt aus jener Zeit, in der Aceto Balsamico als eine aus ausgew\u00e4hlten Trauben erzeugte Spezialit\u00e4t aus Modena dargestellt wird.<\/p>\n<p>Diese Zeugnisse best\u00e4tigen also, da\u00df seit urdenklichen Zeiten in Modena eine besondere Art Essig hergestellt wird, der in anderen Gebieten unbekannt ist und dessen Produktions- und Reifungsmerkmale bis in unsere Tage praktisch unver\u00e4ndert \u00fcberliefert wurden: diese sind in die Produktionsregelung f\u00fcr &#8222;Aceto Balsamico Tradizionale di Modena&#8220; \u00fcbernommen und ausformuliert worden.<\/p>\n<p>Zum Zwecke des Ursprungsnachweises des Erzeugnisses wird das Ausgangsprodukt, d.h. der Most aus Trauben verschiedener Rebfl\u00e4chen gewonnen, die ganz oder teilweise zu den in Artikel 2 der Produktionsregelung besonders angegebenen oder zu den f\u00fcr die Erzeugung von Qualit\u00e4tswein bestimmter Anbaugebiete im Gebiet der Provinz Modena bezeichneten Fl\u00e4chen geh\u00f6ren.<\/p>\n<p>Vor dem Inverkehrbringen werden alle Partien Analyseverfahren und organoleptischen Pr\u00fcfungen unterzogen, deren positiver Ausgang bindende Voraussetzung f\u00fcr die Vermarktung ist.<\/p>\n<p>Das in Flaschen abgef\u00fcllte Erzeugnis mu\u00df mit einem nicht wiederverwendbaren, durchlaufend numerierten Stempel versehen werden, der auf dem Beh\u00e4ltnis so angebracht wird, da\u00df der Inhalt nicht ohne Verletzen des Stempels entnommen werden kann.<\/p>\n<p><strong>Gewinnungsverfahren \/ Herstellung<\/strong>:<\/p>\n<p>Die zur Erzeugung von &#8222;Aceto Balsamico Tradizionale di Modena&#8220; bestimmten Trauben m\u00fcssen dem Most einen Alkoholtitel von mindestens 15 Grad verschaffen, wobei diese Erzeugung h\u00f6chstens 16 Tonnen Lesegut pro Hektar Rebfl\u00e4che in Monokultur und eine Mostausbeute von h\u00f6chstens 70% erbringen darf.<\/p>\n<p>Die zur Herstellung des Erzeugnisses mit kontrollierter Ursprungsbezeichnung bestimmten Moste werden in offenen Beh\u00e4ltnissen einem Kochvorgang (Cottura) unter\u00a0 atmosph\u00e4rischem Druck unterzogen. Dabei mu\u00df der Most wenigstens 30 Minuten lang auf offener Flamme bei mindestens 80\u00b0C gekocht werden.<br \/>\nDie Verwendung von zusammengelegten und\/oder mit irgendeinem Zusatzstoff oder einer Substanz versehenen Mosten ist verboten. Der gekochte Most unterliegt in den herk\u00f6mmlichen R\u00e4umen &#8211; den &#8222;Acetaie&#8220; &#8211; der Alkohol- und der Essigg\u00e4rung, wie es den traditionellen Verfahren entspricht, wobei das Erzeugnis selbst die erforderliche Bel\u00fcftung und Behandlung mit nat\u00fcrlichen W\u00e4rmestr\u00f6men durchl\u00e4uft.<\/p>\n<p>Optimale Reifung, Alterung und Verfeinerung des &#8222;<strong>Aceto Balsamico Tradizionale di Modena<\/strong>&#8220; beanspruchen mindestens 12 Jahre und werden durch serienweises \u00dcberleiten des gekochten Mostes von einem numerierten und gestempelten F\u00e4sschen oder Beh\u00e4ltnis in das n\u00e4chste erreicht, wobei diese jeweils verschiedene Gr\u00f6\u00dfen besitzen und aus unterschiedlichen klassischen Holzarten des Gebiets wie Eiche, Wacholder, Kirsche, Maulbeer und Kastanie hergestellt sind.<\/p>\n<p>Hat das Erzeugnis nach dem Urteil seines Besitzers die in der Produktionsregelung vorgesehenen Mindestmerkmale erworben und die Analyseverfahren und organoleptischen Pr\u00fcfungen erfolgreich durchlaufen, so kann die Abf\u00fcllung in die besonderen typischen Beh\u00e4ltnisse aus kristallklarem Glas mit runder Form und rechteckigem Sockel erfolgen, die ein Fassungsverm\u00f6gen zwischen 10 und 40 cl besitzen.<\/p>\n<p>Alle Phasen der Verarbeitung, obligatorischen Reifung und Flaschenabf\u00fcllung des Erzeugnisses haben auf dem Gebiet der Provinz Modena zu erfolgen.<\/p>\n<style id=\"sp_product_slider_dynamic_css14779\">#wps-slider-section #sp-woo-product-slider-14779.wps-product-section .wpsp-pagination-dot .swiper-pagination-bullet{ background-color:#cccccc; } #wps-slider-section #sp-woo-product-slider-14779.wps-product-section .wpsp-pagination-dot .swiper-pagination-bullet.swiper-pagination-bullet-active{ background-color:#333333; }#wps-slider-section #sp-woo-product-slider-14779.wps-product-section .wpsp-nav { color:#444444; background-color:transparent; border: 1px solid #aaaaaa; } #wps-slider-section #sp-woo-product-slider-14779.wps-product-section .wpsp-nav:hover { color:#ffffff; background-color:#444444; border-color:#444444; } #wps-slider-section.wps-slider-section-14779{ padding-top: 45px; }#wps-slider-section #sp-woo-product-slider-14779.wps-product-section[data-layout=grid] { margin-left: -20px;}#wps-slider-section #sp-woo-product-slider-14779 .wpsf-grid-item { padding-left: 20px; margin-bottom: 20px;}#wps-slider-section #sp-woo-product-slider-14779 .wpsf-product-title a{ color: #444444; font-size: 15px; } #wps-slider-section #sp-woo-product-slider-14779 .wpsf-product-title a:hover{ color: #955b89; }#sp-woo-product-slider-14779.sp-wps-custom-template .wps-product-image .wpsf-product-img,#sp-woo-product-slider-14779.sp-wps-theme_one .wps-product-image { border: 1px solid #dddddd;}#wps-slider-section #sp-woo-product-slider-14779.sp-wps-theme_one .wpsf-product:hover .wps-product-image, #sp-woo-product-slider-14779.sp-wps-custom-template .sp-wps-product-image-area:hover .wps-product-image .wpsf-product-img { border-color: #dddddd;}#wps-slider-section #sp-woo-product-slider-14779 .wps-pagination ul li .page-numbers {background: transparent; color: #5e5e5e; border: 2px solid #dddddd; } #wps-slider-section #sp-woo-product-slider-14779 .wps-pagination ul li .page-numbers:hover,#wps-slider-section #sp-woo-product-slider-14779 .wps-pagination ul li .page-numbers.current {background: #5e5e5e; color: #ffffff; border-color: #5e5e5e; }#wps-slider-section #sp-woo-product-slider-14779 a.sp-wqv-view-button{ display: none; }<\/style><div id=\"wps-slider-section\" class=\"wps-slider-section wps-slider-section-14779\">\n\t\t<div class=\"wps-preloader\" id=\"wps-preloader-14779\" style=\"\">\n\t\t<img decoding=\"async\" src=\"https:\/\/balsamico.shop\/de\/wp-content\/plugins\/woo-product-slider\/src\/Admin\/assets\/images\/spinner.svg\" alt=\"loader-image\"\/>\n\t<\/div>\n\t\t\t<div id=\"sp-woo-product-slider-14779\" class=\"wps-product-section sp-wps-theme_one\" data-swiper='{ \"pauseOnHover\": true, \"infinite\": true, \"slidesToShow\": 4, \"speed\": 600,\"spaceBetween\": 20, \"autoplay\": true, \"autoplaySpeed\": 3000, \"swipe\": true, \"draggable\": true,\"freeMode\":false,\"carousel_accessibility\": false,\"mousewheel\": false,\"adaptiveHeight\": false, \"slidesPerView\":{\"lg_desktop\":4, \"desktop\":3, \"tablet\":2, \"mobile\":1} }'  dir=\"ltr\" data-preloader=\"1\">\n\t\t\t<div class=\"swiper-wrapper\">\n\t\t<div class=\"wpsf-product  swiper-slide\">\n\t<div class=\"sp-wps-product-image-area\">\n\t\t<a href=\"https:\/\/balsamico.shop\/de\/produkt\/aceto-balsamico-tradizionale-di-modena-extra-vecchio-dop-giuseppe-cremonini\/\" class=\"wps-product-image\">\n\t<img loading=\"lazy\" decoding=\"async\" width=\"256\" height=\"300\" src=\"https:\/\/balsamico.shop\/de\/wp-content\/uploads\/2023\/07\/cremonini-aceto-balsamico-tradizionale-extravecchio-256x300.jpg\" class=\"wpsf-product-img wp-post-image\" alt=\"Aceto Balsamico Tradizionale di Modena DOP extravecchio Cremonini\" srcset=\"https:\/\/balsamico.shop\/de\/wp-content\/uploads\/2023\/07\/cremonini-aceto-balsamico-tradizionale-extravecchio-256x300.jpg 256w, https:\/\/balsamico.shop\/de\/wp-content\/uploads\/2023\/07\/cremonini-aceto-balsamico-tradizionale-extravecchio-875x1024.jpg 875w, https:\/\/balsamico.shop\/de\/wp-content\/uploads\/2023\/07\/cremonini-aceto-balsamico-tradizionale-extravecchio-768x899.jpg 768w, https:\/\/balsamico.shop\/de\/wp-content\/uploads\/2023\/07\/cremonini-aceto-balsamico-tradizionale-extravecchio-1313x1536.jpg 1313w, https:\/\/balsamico.shop\/de\/wp-content\/uploads\/2023\/07\/cremonini-aceto-balsamico-tradizionale-extravecchio-1170x1369.jpg 1170w, https:\/\/balsamico.shop\/de\/wp-content\/uploads\/2023\/07\/cremonini-aceto-balsamico-tradizionale-extravecchio-870x1018.jpg 870w, https:\/\/balsamico.shop\/de\/wp-content\/uploads\/2023\/07\/cremonini-aceto-balsamico-tradizionale-extravecchio-390x456.jpg 390w, https:\/\/balsamico.shop\/de\/wp-content\/uploads\/2023\/07\/cremonini-aceto-balsamico-tradizionale-extravecchio-300x351.jpg 300w, https:\/\/balsamico.shop\/de\/wp-content\/uploads\/2023\/07\/cremonini-aceto-balsamico-tradizionale-extravecchio-600x702.jpg 600w, https:\/\/balsamico.shop\/de\/wp-content\/uploads\/2023\/07\/cremonini-aceto-balsamico-tradizionale-extravecchio-150x176.jpg 150w, https:\/\/balsamico.shop\/de\/wp-content\/uploads\/2023\/07\/cremonini-aceto-balsamico-tradizionale-extravecchio.jpg 1600w\" sizes=\"auto, (max-width: 256px) 100vw, 256px\" \/><\/a>\n\t\t<div class=\"sp-wps-product-details\">\n\t\t\t<div class=\"sp-wps-product-details-inner\">\n\t\t\t\t\t\t<div class=\"wpsf-product-title\"><a href=\"https:\/\/balsamico.shop\/de\/produkt\/aceto-balsamico-tradizionale-di-modena-extra-vecchio-dop-giuseppe-cremonini\/\">Aceto Balsamico Tradizionale di Modena DOP Extra Vecchio \u2013 Giuseppe Cremonini<\/a><\/div>\n\t\t\t\t<\/div> <!-- sp-wps-product-details-inner. -->\n\t\t<\/div> <!--  sp-wps-product-details. -->\n\t<\/div> <!-- sp-wps-product-image-area.  -->\n<\/div> <!-- wpsf-product. -->\n<div class=\"wpsf-product  swiper-slide\">\n\t<div class=\"sp-wps-product-image-area\">\n\t\t<a href=\"https:\/\/balsamico.shop\/de\/produkt\/novizio-balsamessig-dressing-picci\/\" class=\"wps-product-image\">\n\t<img loading=\"lazy\" decoding=\"async\" width=\"256\" height=\"300\" src=\"https:\/\/balsamico.shop\/de\/wp-content\/uploads\/2023\/02\/novizio-condimento-picci-256x300.jpg\" class=\"wpsf-product-img wp-post-image\" alt=\"\" srcset=\"https:\/\/balsamico.shop\/de\/wp-content\/uploads\/2023\/02\/novizio-condimento-picci-256x300.jpg 256w, https:\/\/balsamico.shop\/de\/wp-content\/uploads\/2023\/02\/novizio-condimento-picci-875x1024.jpg 875w, https:\/\/balsamico.shop\/de\/wp-content\/uploads\/2023\/02\/novizio-condimento-picci-768x899.jpg 768w, https:\/\/balsamico.shop\/de\/wp-content\/uploads\/2023\/02\/novizio-condimento-picci-1313x1536.jpg 1313w, https:\/\/balsamico.shop\/de\/wp-content\/uploads\/2023\/02\/novizio-condimento-picci-1170x1369.jpg 1170w, https:\/\/balsamico.shop\/de\/wp-content\/uploads\/2023\/02\/novizio-condimento-picci-870x1018.jpg 870w, https:\/\/balsamico.shop\/de\/wp-content\/uploads\/2023\/02\/novizio-condimento-picci-390x456.jpg 390w, https:\/\/balsamico.shop\/de\/wp-content\/uploads\/2023\/02\/novizio-condimento-picci-300x351.jpg 300w, https:\/\/balsamico.shop\/de\/wp-content\/uploads\/2023\/02\/novizio-condimento-picci-600x702.jpg 600w, https:\/\/balsamico.shop\/de\/wp-content\/uploads\/2023\/02\/novizio-condimento-picci.jpg 1600w\" sizes=\"auto, (max-width: 256px) 100vw, 256px\" \/><\/a>\n\t\t<div class=\"sp-wps-product-details\">\n\t\t\t<div class=\"sp-wps-product-details-inner\">\n\t\t\t\t\t\t<div class=\"wpsf-product-title\"><a href=\"https:\/\/balsamico.shop\/de\/produkt\/novizio-balsamessig-dressing-picci\/\">IL NOVIZIO \u2013 Balsamessig-Dressing \u2013 Picci<\/a><\/div>\n\t\t\t\t<\/div> <!-- sp-wps-product-details-inner. -->\n\t\t<\/div> <!--  sp-wps-product-details. -->\n\t<\/div> <!-- sp-wps-product-image-area.  -->\n<\/div> <!-- wpsf-product. -->\n<div class=\"wpsf-product  swiper-slide\">\n\t<div class=\"sp-wps-product-image-area\">\n\t\t<a href=\"https:\/\/balsamico.shop\/de\/produkt\/10-ml-aceto-balsamico-tradizionale-di-reggio-emilia-bernardo-tesori\/\" class=\"wps-product-image\">\n\t<div class='container-image-and-badge  '><img loading=\"lazy\" decoding=\"async\" width=\"256\" height=\"300\" src=\"https:\/\/balsamico.shop\/de\/wp-content\/uploads\/2021\/10\/aceto-balsamico-tradizionale-di-reggio-emilia-dop-bernardo-tesori-10ml-256x300.jpg\" class=\"wpsf-product-img wp-post-image\" alt=\"Bernardo Tesori - Aceto Balsamico Tradizionale di Reggio Emilia D.O.P. Argento\" srcset=\"https:\/\/balsamico.shop\/de\/wp-content\/uploads\/2021\/10\/aceto-balsamico-tradizionale-di-reggio-emilia-dop-bernardo-tesori-10ml-256x300.jpg 256w, https:\/\/balsamico.shop\/de\/wp-content\/uploads\/2021\/10\/aceto-balsamico-tradizionale-di-reggio-emilia-dop-bernardo-tesori-10ml-875x1024.jpg 875w, https:\/\/balsamico.shop\/de\/wp-content\/uploads\/2021\/10\/aceto-balsamico-tradizionale-di-reggio-emilia-dop-bernardo-tesori-10ml-768x899.jpg 768w, https:\/\/balsamico.shop\/de\/wp-content\/uploads\/2021\/10\/aceto-balsamico-tradizionale-di-reggio-emilia-dop-bernardo-tesori-10ml-1313x1536.jpg 1313w, https:\/\/balsamico.shop\/de\/wp-content\/uploads\/2021\/10\/aceto-balsamico-tradizionale-di-reggio-emilia-dop-bernardo-tesori-10ml-1170x1369.jpg 1170w, https:\/\/balsamico.shop\/de\/wp-content\/uploads\/2021\/10\/aceto-balsamico-tradizionale-di-reggio-emilia-dop-bernardo-tesori-10ml-870x1018.jpg 870w, https:\/\/balsamico.shop\/de\/wp-content\/uploads\/2021\/10\/aceto-balsamico-tradizionale-di-reggio-emilia-dop-bernardo-tesori-10ml-390x456.jpg 390w, https:\/\/balsamico.shop\/de\/wp-content\/uploads\/2021\/10\/aceto-balsamico-tradizionale-di-reggio-emilia-dop-bernardo-tesori-10ml-300x351.jpg 300w, https:\/\/balsamico.shop\/de\/wp-content\/uploads\/2021\/10\/aceto-balsamico-tradizionale-di-reggio-emilia-dop-bernardo-tesori-10ml-600x702.jpg 600w, https:\/\/balsamico.shop\/de\/wp-content\/uploads\/2021\/10\/aceto-balsamico-tradizionale-di-reggio-emilia-dop-bernardo-tesori-10ml.jpg 1600w\" sizes=\"auto, (max-width: 256px) 100vw, 256px\" \/>\n<div class=\"yith-wcbm-badge yith-wcbm-badge-5769 yith-wcbm-badge-css yith-wcbm-badge--on-product-8153 yith-wcbm-badge-css-8 yith-wcbm-css-badge-5769 yith-wcbm-badge-5769\" data-transform=''>\n\t<div class='yith-wcbm-badge__wrap'>\n\t\t<div class=\"yith-wcbm-css-s1\"><\/div>\n\t\t<div class=\"yith-wcbm-css-s2\"><\/div>\n\t\t<div class=\"yith-wcbm-css-text\">\n\t\t\t<div class=\"yith-wcbm-badge-text\"><div style=\"font-family: 'Open Sans', sans-serif;color:#ffffff;font-size:13px\">NEU<\/div><\/div>\n\t\t<\/div>\n\t<\/div><!--yith-wcbm-badge__wrap-->\n\t<svg>\n    <style> .yith-wcbm-badge-5769{--badge-discount-text : 'Discount';--badge-up-to-text : 'Up to';--badge-primary-color : #dd3333;--badge-text-color : #ffffff;--badge-secondary-color : #841e1e;--badge-secondary-light-color : #9a2323;--badge-secondary-dark-color : #6e1919;--badge-tertiary-color : #581414;--badge-triadic-positive-color : hsl(90 , 71% , 53% );--badge-triadic-negative-color : hsl(-90 , 71% , 53% );--badge-analogous-positive-color : hsl(30 , 71% , 53% );--badge-analogous-negative-color : hsl(-30 , 71% , 53% );--badge-complementary-color : hsl(180 , 71% , 53% );} \n        .yith-wcbm-badge.yith-wcbm-badge-css-8 {\n            box-sizing: border-box;\n            background-color: transparent;\n            width: 65px !important;\n            height: 65px !important;\n            overflow: hidden;\n        }\n\n        .yith-wcbm-badge.yith-wcbm-badge-css-8 div.yith-wcbm-css-s1 {\n            position: absolute;\n            z-index: 12;\n            top: 0;\n            left: 2px;\n            border-left: 3px solid transparent;\n            width: 10px;\n            border-bottom: 4px solid var(--badge-secondary-color, #246587);\n        }\n\n        .yith-wcbm-badge.yith-wcbm-badge-css-8 div.yith-wcbm-css-s2 {\n            position: absolute;\n            z-index: 12;\n            bottom: 2px;\n            right: 0px;\n            border-bottom: 3px solid transparent;\n            height: 10px;\n            border-left: 4px solid var(--badge-secondary-color, #246587);\n        }\n\n        .yith-wcbm-badge.yith-wcbm-badge-css-8 div.yith-wcbm-css-text {\n            position: absolute;\n            z-index: 14;\n            -webkit-transform: rotate(45deg) translate(-50%, -125%);\n            -ms-transform: rotate(45deg) translate(-50%, -125%);\n            transform: rotate(45deg) translate(-50%, -125%);\n            transform-origin: top left;\n            top: 50%;\n            left: 50%;\n            width: 110px;\n            height: 17px;\n        }\n\n        .yith-wcbm-badge.yith-wcbm-badge-css-8 div.yith-wcbm-css-text .yith-wcbm-badge-text {\n            position: absolute;\n            width: 100%;\n            transform: translate(-50%, -50%);\n            top: 40%;\n            left: 50%;\n            background: var(--badge-primary-color, #3a86c4);\n        }\n\n        .yith-wcbm-badge.yith-wcbm-badge-css-8.yith-wcbm-badge-css--flip-vertical div.yith-wcbm-badge-text{\n            transform: scaleY(-1) translate(-50%, 50%);\n            top: 40%;\n        }\n\n        .yith-wcbm-badge.yith-wcbm-badge-css-8.yith-wcbm-badge-css--flip-horizontal div.yith-wcbm-badge-text{\n            transform: scaleX(-1) translate(50%, -50%);\n        }\n\n        .yith-wcbm-badge.yith-wcbm-badge-css-8.yith-wcbm-badge-css--flip-both div.yith-wcbm-badge-text {\n            transform: scale(-1) translate(50%, 50%);\n            top: 40%;\n        }\n    <\/style>\n<\/svg>\n<\/div>\n<\/div><!--container-image-and-badge--><\/a>\n\t\t<div class=\"sp-wps-product-details\">\n\t\t\t<div class=\"sp-wps-product-details-inner\">\n\t\t\t\t\t\t<div class=\"wpsf-product-title\"><a href=\"https:\/\/balsamico.shop\/de\/produkt\/10-ml-aceto-balsamico-tradizionale-di-reggio-emilia-bernardo-tesori\/\">Aceto Balsamico Tradizionale di Reggio Emilia D.O.P. &#8211; Argento &#8211; Bernardo Tesori<\/a><\/div>\n\t\t\t\t<\/div> <!-- sp-wps-product-details-inner. -->\n\t\t<\/div> <!--  sp-wps-product-details. -->\n\t<\/div> <!-- sp-wps-product-image-area.  -->\n<\/div> <!-- wpsf-product. -->\n<div class=\"wpsf-product  swiper-slide\">\n\t<div class=\"sp-wps-product-image-area\">\n\t\t<a href=\"https:\/\/balsamico.shop\/de\/produkt\/giuseppe-cremonini-aceto-balsamico-di-modena-invecchiato-5-trauben-aged\/\" class=\"wps-product-image\">\n\t<img loading=\"lazy\" decoding=\"async\" width=\"256\" height=\"300\" src=\"https:\/\/balsamico.shop\/de\/wp-content\/uploads\/2020\/04\/giuseppe-cremonini-aceto-balsamico-di-modena-invecchiato-5-trauben-aged-256x300.jpg\" class=\"wpsf-product-img wp-post-image\" alt=\"Giuseppe Cremonini Aceto Balsamico di Modena invecchiato 5 Trauben Aged IGP\" srcset=\"https:\/\/balsamico.shop\/de\/wp-content\/uploads\/2020\/04\/giuseppe-cremonini-aceto-balsamico-di-modena-invecchiato-5-trauben-aged-256x300.jpg 256w, https:\/\/balsamico.shop\/de\/wp-content\/uploads\/2020\/04\/giuseppe-cremonini-aceto-balsamico-di-modena-invecchiato-5-trauben-aged-875x1024.jpg 875w, https:\/\/balsamico.shop\/de\/wp-content\/uploads\/2020\/04\/giuseppe-cremonini-aceto-balsamico-di-modena-invecchiato-5-trauben-aged-768x899.jpg 768w, https:\/\/balsamico.shop\/de\/wp-content\/uploads\/2020\/04\/giuseppe-cremonini-aceto-balsamico-di-modena-invecchiato-5-trauben-aged-1313x1536.jpg 1313w, https:\/\/balsamico.shop\/de\/wp-content\/uploads\/2020\/04\/giuseppe-cremonini-aceto-balsamico-di-modena-invecchiato-5-trauben-aged-1170x1369.jpg 1170w, https:\/\/balsamico.shop\/de\/wp-content\/uploads\/2020\/04\/giuseppe-cremonini-aceto-balsamico-di-modena-invecchiato-5-trauben-aged-870x1018.jpg 870w, https:\/\/balsamico.shop\/de\/wp-content\/uploads\/2020\/04\/giuseppe-cremonini-aceto-balsamico-di-modena-invecchiato-5-trauben-aged-390x456.jpg 390w, https:\/\/balsamico.shop\/de\/wp-content\/uploads\/2020\/04\/giuseppe-cremonini-aceto-balsamico-di-modena-invecchiato-5-trauben-aged-300x351.jpg 300w, https:\/\/balsamico.shop\/de\/wp-content\/uploads\/2020\/04\/giuseppe-cremonini-aceto-balsamico-di-modena-invecchiato-5-trauben-aged-600x702.jpg 600w, https:\/\/balsamico.shop\/de\/wp-content\/uploads\/2020\/04\/giuseppe-cremonini-aceto-balsamico-di-modena-invecchiato-5-trauben-aged.jpg 1600w\" sizes=\"auto, (max-width: 256px) 100vw, 256px\" \/><\/a>\n\t\t<div class=\"sp-wps-product-details\">\n\t\t\t<div class=\"sp-wps-product-details-inner\">\n\t\t\t\t\t\t<div class=\"wpsf-product-title\"><a href=\"https:\/\/balsamico.shop\/de\/produkt\/giuseppe-cremonini-aceto-balsamico-di-modena-invecchiato-5-trauben-aged\/\">Aceto Balsamico di Modena I.G.P. \u2013 Invecchiato \u2013 Cremonini<\/a><\/div>\n\t\t\t\t<\/div> <!-- sp-wps-product-details-inner. -->\n\t\t<\/div> <!--  sp-wps-product-details. -->\n\t<\/div> <!-- sp-wps-product-image-area.  -->\n<\/div> <!-- wpsf-product. -->\n<div class=\"wpsf-product  swiper-slide\">\n\t<div class=\"sp-wps-product-image-area\">\n\t\t<a href=\"https:\/\/balsamico.shop\/de\/produkt\/aceto-balsamico-tradizionale-di-modena-dop-silber\/\" class=\"wps-product-image\">\n\t<img loading=\"lazy\" decoding=\"async\" width=\"256\" height=\"300\" src=\"https:\/\/balsamico.shop\/de\/wp-content\/uploads\/2019\/01\/holzbox-bernardo-tesori-silber-dop-256x300.jpg\" class=\"wpsf-product-img wp-post-image\" alt=\"Bernardo Tesori Silber Holzbox Geschenk - Aceto Balsamico Tradizionale di Modena DOP\" srcset=\"https:\/\/balsamico.shop\/de\/wp-content\/uploads\/2019\/01\/holzbox-bernardo-tesori-silber-dop-256x300.jpg 256w, https:\/\/balsamico.shop\/de\/wp-content\/uploads\/2019\/01\/holzbox-bernardo-tesori-silber-dop-875x1024.jpg 875w, https:\/\/balsamico.shop\/de\/wp-content\/uploads\/2019\/01\/holzbox-bernardo-tesori-silber-dop-768x899.jpg 768w, https:\/\/balsamico.shop\/de\/wp-content\/uploads\/2019\/01\/holzbox-bernardo-tesori-silber-dop-1313x1536.jpg 1313w, https:\/\/balsamico.shop\/de\/wp-content\/uploads\/2019\/01\/holzbox-bernardo-tesori-silber-dop-1170x1369.jpg 1170w, https:\/\/balsamico.shop\/de\/wp-content\/uploads\/2019\/01\/holzbox-bernardo-tesori-silber-dop-870x1018.jpg 870w, https:\/\/balsamico.shop\/de\/wp-content\/uploads\/2019\/01\/holzbox-bernardo-tesori-silber-dop-390x456.jpg 390w, https:\/\/balsamico.shop\/de\/wp-content\/uploads\/2019\/01\/holzbox-bernardo-tesori-silber-dop-300x351.jpg 300w, https:\/\/balsamico.shop\/de\/wp-content\/uploads\/2019\/01\/holzbox-bernardo-tesori-silber-dop-600x702.jpg 600w, https:\/\/balsamico.shop\/de\/wp-content\/uploads\/2019\/01\/holzbox-bernardo-tesori-silber-dop.jpg 1600w\" sizes=\"auto, (max-width: 256px) 100vw, 256px\" \/><\/a>\n\t\t<div class=\"sp-wps-product-details\">\n\t\t\t<div class=\"sp-wps-product-details-inner\">\n\t\t\t\t\t\t<div class=\"wpsf-product-title\"><a href=\"https:\/\/balsamico.shop\/de\/produkt\/aceto-balsamico-tradizionale-di-modena-dop-silber\/\">Aceto Balsamico Tradizionale di Modena D.O.P. \u2013 Bernardo Tesori<\/a><\/div>\n\t\t\t\t<\/div> <!-- sp-wps-product-details-inner. -->\n\t\t<\/div> <!--  sp-wps-product-details. -->\n\t<\/div> <!-- sp-wps-product-image-area.  -->\n<\/div> <!-- wpsf-product. -->\n<div class=\"wpsf-product  swiper-slide\">\n\t<div class=\"sp-wps-product-image-area\">\n\t\t<a href=\"https:\/\/balsamico.shop\/de\/produkt\/100-prozent-traubenmost-8-jahre-alltagsbalsamico\/\" class=\"wps-product-image\">\n\t<img loading=\"lazy\" decoding=\"async\" width=\"256\" height=\"300\" src=\"https:\/\/balsamico.shop\/de\/wp-content\/uploads\/2017\/01\/balsamico-riserva-nando-256x300.jpg\" class=\"wpsf-product-img wp-post-image\" alt=\"\" srcset=\"https:\/\/balsamico.shop\/de\/wp-content\/uploads\/2017\/01\/balsamico-riserva-nando-256x300.jpg 256w, https:\/\/balsamico.shop\/de\/wp-content\/uploads\/2017\/01\/balsamico-riserva-nando-875x1024.jpg 875w, https:\/\/balsamico.shop\/de\/wp-content\/uploads\/2017\/01\/balsamico-riserva-nando-768x899.jpg 768w, https:\/\/balsamico.shop\/de\/wp-content\/uploads\/2017\/01\/balsamico-riserva-nando-1313x1536.jpg 1313w, https:\/\/balsamico.shop\/de\/wp-content\/uploads\/2017\/01\/balsamico-riserva-nando-1170x1369.jpg 1170w, https:\/\/balsamico.shop\/de\/wp-content\/uploads\/2017\/01\/balsamico-riserva-nando-870x1018.jpg 870w, https:\/\/balsamico.shop\/de\/wp-content\/uploads\/2017\/01\/balsamico-riserva-nando-390x456.jpg 390w, https:\/\/balsamico.shop\/de\/wp-content\/uploads\/2017\/01\/balsamico-riserva-nando-300x351.jpg 300w, https:\/\/balsamico.shop\/de\/wp-content\/uploads\/2017\/01\/balsamico-riserva-nando-600x702.jpg 600w, https:\/\/balsamico.shop\/de\/wp-content\/uploads\/2017\/01\/balsamico-riserva-nando.jpg 1600w\" sizes=\"auto, (max-width: 256px) 100vw, 256px\" \/><\/a>\n\t\t<div class=\"sp-wps-product-details\">\n\t\t\t<div class=\"sp-wps-product-details-inner\">\n\t\t\t\t\t\t<div class=\"wpsf-product-title\"><a href=\"https:\/\/balsamico.shop\/de\/produkt\/100-prozent-traubenmost-8-jahre-alltagsbalsamico\/\">Riserva Nando \u2013 100% Trebbiano Traubenmost \u2013 Alltagsbalsamico \u2013 Cavalli<\/a><\/div>\n\t\t\t\t<\/div> <!-- sp-wps-product-details-inner. -->\n\t\t<\/div> <!--  sp-wps-product-details. -->\n\t<\/div> <!-- sp-wps-product-image-area.  -->\n<\/div> <!-- wpsf-product. -->\n<div class=\"wpsf-product  swiper-slide\">\n\t<div class=\"sp-wps-product-image-area\">\n\t\t<a href=\"https:\/\/balsamico.shop\/de\/produkt\/extravecchio-abtm-villa-san-donnino\/\" class=\"wps-product-image\">\n\t<img loading=\"lazy\" decoding=\"async\" width=\"256\" height=\"300\" src=\"https:\/\/balsamico.shop\/de\/wp-content\/uploads\/2017\/01\/villa-san-donnino-aceto-balsamico-tradizionale-extravecchio-256x300.jpg\" class=\"wpsf-product-img wp-post-image\" alt=\"\" srcset=\"https:\/\/balsamico.shop\/de\/wp-content\/uploads\/2017\/01\/villa-san-donnino-aceto-balsamico-tradizionale-extravecchio-256x300.jpg 256w, https:\/\/balsamico.shop\/de\/wp-content\/uploads\/2017\/01\/villa-san-donnino-aceto-balsamico-tradizionale-extravecchio-875x1024.jpg 875w, https:\/\/balsamico.shop\/de\/wp-content\/uploads\/2017\/01\/villa-san-donnino-aceto-balsamico-tradizionale-extravecchio-768x899.jpg 768w, https:\/\/balsamico.shop\/de\/wp-content\/uploads\/2017\/01\/villa-san-donnino-aceto-balsamico-tradizionale-extravecchio-1313x1536.jpg 1313w, https:\/\/balsamico.shop\/de\/wp-content\/uploads\/2017\/01\/villa-san-donnino-aceto-balsamico-tradizionale-extravecchio-1170x1369.jpg 1170w, https:\/\/balsamico.shop\/de\/wp-content\/uploads\/2017\/01\/villa-san-donnino-aceto-balsamico-tradizionale-extravecchio-870x1018.jpg 870w, https:\/\/balsamico.shop\/de\/wp-content\/uploads\/2017\/01\/villa-san-donnino-aceto-balsamico-tradizionale-extravecchio-390x456.jpg 390w, https:\/\/balsamico.shop\/de\/wp-content\/uploads\/2017\/01\/villa-san-donnino-aceto-balsamico-tradizionale-extravecchio-300x351.jpg 300w, https:\/\/balsamico.shop\/de\/wp-content\/uploads\/2017\/01\/villa-san-donnino-aceto-balsamico-tradizionale-extravecchio-600x702.jpg 600w, https:\/\/balsamico.shop\/de\/wp-content\/uploads\/2017\/01\/villa-san-donnino-aceto-balsamico-tradizionale-extravecchio.jpg 1600w\" sizes=\"auto, (max-width: 256px) 100vw, 256px\" \/><\/a>\n\t\t<div class=\"sp-wps-product-details\">\n\t\t\t<div class=\"sp-wps-product-details-inner\">\n\t\t\t\t\t\t<div class=\"wpsf-product-title\"><a href=\"https:\/\/balsamico.shop\/de\/produkt\/extravecchio-abtm-villa-san-donnino\/\">Extravecchio \u2013 Aceto Balsamico Tradizionale di Modena DOP \u2013 Villa San Donnino<\/a><\/div>\n\t\t\t\t<\/div> <!-- sp-wps-product-details-inner. -->\n\t\t<\/div> <!--  sp-wps-product-details. -->\n\t<\/div> <!-- sp-wps-product-image-area.  -->\n<\/div> <!-- wpsf-product. -->\n<div class=\"wpsf-product  swiper-slide\">\n\t<div class=\"sp-wps-product-image-area\">\n\t\t<a href=\"https:\/\/balsamico.shop\/de\/produkt\/la-secchia-duetto-balsamico-tradizionale\/\" class=\"wps-product-image\">\n\t<img loading=\"lazy\" decoding=\"async\" width=\"256\" height=\"300\" src=\"https:\/\/balsamico.shop\/de\/wp-content\/uploads\/2016\/10\/duetto-aceto-balsamico-affinato-extravecchio-1-256x300.jpg\" class=\"wpsf-product-img wp-post-image\" alt=\"\" srcset=\"https:\/\/balsamico.shop\/de\/wp-content\/uploads\/2016\/10\/duetto-aceto-balsamico-affinato-extravecchio-1-256x300.jpg 256w, https:\/\/balsamico.shop\/de\/wp-content\/uploads\/2016\/10\/duetto-aceto-balsamico-affinato-extravecchio-1-875x1024.jpg 875w, https:\/\/balsamico.shop\/de\/wp-content\/uploads\/2016\/10\/duetto-aceto-balsamico-affinato-extravecchio-1-768x899.jpg 768w, https:\/\/balsamico.shop\/de\/wp-content\/uploads\/2016\/10\/duetto-aceto-balsamico-affinato-extravecchio-1-1313x1536.jpg 1313w, https:\/\/balsamico.shop\/de\/wp-content\/uploads\/2016\/10\/duetto-aceto-balsamico-affinato-extravecchio-1-1170x1369.jpg 1170w, https:\/\/balsamico.shop\/de\/wp-content\/uploads\/2016\/10\/duetto-aceto-balsamico-affinato-extravecchio-1-870x1018.jpg 870w, https:\/\/balsamico.shop\/de\/wp-content\/uploads\/2016\/10\/duetto-aceto-balsamico-affinato-extravecchio-1-390x456.jpg 390w, https:\/\/balsamico.shop\/de\/wp-content\/uploads\/2016\/10\/duetto-aceto-balsamico-affinato-extravecchio-1-300x351.jpg 300w, https:\/\/balsamico.shop\/de\/wp-content\/uploads\/2016\/10\/duetto-aceto-balsamico-affinato-extravecchio-1-600x702.jpg 600w, https:\/\/balsamico.shop\/de\/wp-content\/uploads\/2016\/10\/duetto-aceto-balsamico-affinato-extravecchio-1.jpg 1600w\" sizes=\"auto, (max-width: 256px) 100vw, 256px\" \/><\/a>\n\t\t<div class=\"sp-wps-product-details\">\n\t\t\t<div class=\"sp-wps-product-details-inner\">\n\t\t\t\t\t\t<div class=\"wpsf-product-title\"><a href=\"https:\/\/balsamico.shop\/de\/produkt\/la-secchia-duetto-balsamico-tradizionale\/\">Duetto \u2013 Zwei Aceto Balsamico Tradizionale di Modena DOP \u2013 12 &#038; 25 Jahre \u2013 La Secchia<\/a><\/div>\n\t\t\t\t<\/div> <!-- sp-wps-product-details-inner. -->\n\t\t<\/div> <!--  sp-wps-product-details. -->\n\t<\/div> <!-- sp-wps-product-image-area.  -->\n<\/div> <!-- wpsf-product. -->\n<div class=\"wpsf-product  swiper-slide\">\n\t<div class=\"sp-wps-product-image-area\">\n\t\t<a href=\"https:\/\/balsamico.shop\/de\/produkt\/aceto-balsamico-tradizionale-di-modena-pedroni\/\" class=\"wps-product-image\">\n\t<div class='container-image-and-badge  '><img loading=\"lazy\" decoding=\"async\" width=\"256\" height=\"300\" src=\"https:\/\/balsamico.shop\/de\/wp-content\/uploads\/2016\/10\/aceto-balsamico-tradizionale-affinato-pedroni-italo-1-256x300.jpg\" class=\"wpsf-product-img wp-post-image\" alt=\"\" srcset=\"https:\/\/balsamico.shop\/de\/wp-content\/uploads\/2016\/10\/aceto-balsamico-tradizionale-affinato-pedroni-italo-1-256x300.jpg 256w, https:\/\/balsamico.shop\/de\/wp-content\/uploads\/2016\/10\/aceto-balsamico-tradizionale-affinato-pedroni-italo-1-875x1024.jpg 875w, https:\/\/balsamico.shop\/de\/wp-content\/uploads\/2016\/10\/aceto-balsamico-tradizionale-affinato-pedroni-italo-1-768x899.jpg 768w, https:\/\/balsamico.shop\/de\/wp-content\/uploads\/2016\/10\/aceto-balsamico-tradizionale-affinato-pedroni-italo-1-1313x1536.jpg 1313w, https:\/\/balsamico.shop\/de\/wp-content\/uploads\/2016\/10\/aceto-balsamico-tradizionale-affinato-pedroni-italo-1-1170x1369.jpg 1170w, https:\/\/balsamico.shop\/de\/wp-content\/uploads\/2016\/10\/aceto-balsamico-tradizionale-affinato-pedroni-italo-1-870x1018.jpg 870w, https:\/\/balsamico.shop\/de\/wp-content\/uploads\/2016\/10\/aceto-balsamico-tradizionale-affinato-pedroni-italo-1-390x456.jpg 390w, https:\/\/balsamico.shop\/de\/wp-content\/uploads\/2016\/10\/aceto-balsamico-tradizionale-affinato-pedroni-italo-1-300x351.jpg 300w, https:\/\/balsamico.shop\/de\/wp-content\/uploads\/2016\/10\/aceto-balsamico-tradizionale-affinato-pedroni-italo-1-600x702.jpg 600w, https:\/\/balsamico.shop\/de\/wp-content\/uploads\/2016\/10\/aceto-balsamico-tradizionale-affinato-pedroni-italo-1.jpg 1600w\" sizes=\"auto, (max-width: 256px) 100vw, 256px\" \/><div class='yith-wcbm-badge yith-wcbm-badge-4122 yith-wcbm-badge-image yith-wcbm-badge--on-product-385 yith-wcbm-badge-image-uploaded' data-position='{&quot;top&quot;:&quot;20px&quot;,&quot;right&quot;:&quot;0px&quot;,&quot;bottom&quot;:&quot;0px&quot;,&quot;left&quot;:&quot;2px&quot;}' data-transform=' rotatez( 352deg )'>\n\t<div class='yith-wcbm-badge__wrap'>\n\t\t<img decoding=\"async\" src=\"https:\/\/balsamico.shop\/de\/wp-content\/uploads\/2020\/06\/hotsale-badge_available.png\" alt=\"YITH Badge\"\/>\n\t<\/div>\n<\/div>\n<!--yith-wcbm-badge-->\n<\/div><!--container-image-and-badge--><\/a>\n\t\t<div class=\"sp-wps-product-details\">\n\t\t\t<div class=\"sp-wps-product-details-inner\">\n\t\t\t\t\t\t<div class=\"wpsf-product-title\"><a href=\"https:\/\/balsamico.shop\/de\/produkt\/aceto-balsamico-tradizionale-di-modena-pedroni\/\">Pedroni \u2013 traditioneller Balsamessig \u2013 ABTM \u2013 12 Jahre Italo<\/a><\/div>\n\t\t\t\t<\/div> <!-- sp-wps-product-details-inner. -->\n\t\t<\/div> <!--  sp-wps-product-details. -->\n\t<\/div> <!-- sp-wps-product-image-area.  -->\n<\/div> <!-- wpsf-product. -->\n<div class=\"wpsf-product  swiper-slide\">\n\t<div class=\"sp-wps-product-image-area\">\n\t\t<a href=\"https:\/\/balsamico.shop\/de\/produkt\/aceto-balsamico-tradizionale-di-reggio-emilia-d-o-p-argento-picci-18-jahre\/\" class=\"wps-product-image\">\n\t<img loading=\"lazy\" decoding=\"async\" width=\"256\" height=\"300\" src=\"https:\/\/balsamico.shop\/de\/wp-content\/uploads\/2016\/05\/acetaia-picci-aceto-balsamico-tradizionale-argento-reggioemilia-1-256x300.jpg\" class=\"wpsf-product-img wp-post-image\" alt=\"\" srcset=\"https:\/\/balsamico.shop\/de\/wp-content\/uploads\/2016\/05\/acetaia-picci-aceto-balsamico-tradizionale-argento-reggioemilia-1-256x300.jpg 256w, https:\/\/balsamico.shop\/de\/wp-content\/uploads\/2016\/05\/acetaia-picci-aceto-balsamico-tradizionale-argento-reggioemilia-1-875x1024.jpg 875w, https:\/\/balsamico.shop\/de\/wp-content\/uploads\/2016\/05\/acetaia-picci-aceto-balsamico-tradizionale-argento-reggioemilia-1-768x899.jpg 768w, https:\/\/balsamico.shop\/de\/wp-content\/uploads\/2016\/05\/acetaia-picci-aceto-balsamico-tradizionale-argento-reggioemilia-1-1313x1536.jpg 1313w, https:\/\/balsamico.shop\/de\/wp-content\/uploads\/2016\/05\/acetaia-picci-aceto-balsamico-tradizionale-argento-reggioemilia-1-1170x1369.jpg 1170w, https:\/\/balsamico.shop\/de\/wp-content\/uploads\/2016\/05\/acetaia-picci-aceto-balsamico-tradizionale-argento-reggioemilia-1-870x1018.jpg 870w, https:\/\/balsamico.shop\/de\/wp-content\/uploads\/2016\/05\/acetaia-picci-aceto-balsamico-tradizionale-argento-reggioemilia-1-390x456.jpg 390w, https:\/\/balsamico.shop\/de\/wp-content\/uploads\/2016\/05\/acetaia-picci-aceto-balsamico-tradizionale-argento-reggioemilia-1-300x351.jpg 300w, https:\/\/balsamico.shop\/de\/wp-content\/uploads\/2016\/05\/acetaia-picci-aceto-balsamico-tradizionale-argento-reggioemilia-1-600x702.jpg 600w, https:\/\/balsamico.shop\/de\/wp-content\/uploads\/2016\/05\/acetaia-picci-aceto-balsamico-tradizionale-argento-reggioemilia-1.jpg 1600w\" sizes=\"auto, (max-width: 256px) 100vw, 256px\" \/><\/a>\n\t\t<div class=\"sp-wps-product-details\">\n\t\t\t<div class=\"sp-wps-product-details-inner\">\n\t\t\t\t\t\t<div class=\"wpsf-product-title\"><a href=\"https:\/\/balsamico.shop\/de\/produkt\/aceto-balsamico-tradizionale-di-reggio-emilia-d-o-p-argento-picci-18-jahre\/\">Aceto Balsamico Tradizionale di Reggio Emilia D.O.P \u2013 Argento \u2013 Picci \u2013 18 Jahre<\/a><\/div>\n\t\t\t\t<\/div> <!-- sp-wps-product-details-inner. -->\n\t\t<\/div> <!--  sp-wps-product-details. -->\n\t<\/div> <!-- sp-wps-product-image-area.  -->\n<\/div> <!-- wpsf-product. -->\n\t\t\t<\/div> <!-- end swiper-wrapper tag  -->\n\t\t\t\t\t\t\t<!-- next \/ prev arrows -->\n\t\t\t<div class=\"wpsp-nav swiper-button-next\"><i class=\"fa fa-angle-right\"><\/i><\/div>\n\t\t\t<div class=\"wpsp-nav swiper-button-prev\"><i class=\"fa fa-angle-left\"><\/i><\/div>\n\t\t\t<!-- !next \/ prev arrows -->\n\t\t\t\t\t\t\t<!-- pagination dots -->\n\t\t\t<div class=\"wpsp-pagination-dot swiper-pagination\"><\/div>\n\t\t\t<!-- !pagination dots -->\n\t\t\t\t<\/div>\n<\/div>\n\n<p><strong>Zusammenhang mit geographischem Gebiet:<\/strong><\/p>\n<p>Das Erzeugnis ist das Ergebnis der langsamen Umwandlung eines einzigen Ausgangserzeugnisses: der aus Trauben von traditionell in der Provinz Modena angebauten Reben gewonnene Most wird unter direkter Feuereinwirkung gekocht.<\/p>\n<p>Die in den vielen (mindestens 12) Jahren der Alterung eintretende Reifung erfolgt ohne Zusatz anderer Erzeugnisse als des gekochten Mostes und ohne physikalische oder chemische Behandlung irgendwelcher Art.<\/p>\n<p>Der &#8222;Aceto Balsamico Tradizionale di Modena&#8220; besitzt unter den besonders typischen und charakteristischen Lebensmittelerzeugnissen des Gebiets Modena gr\u00f6\u00dfte Bedeutung, und zwar seiner Merkmale wegen, die neben der nur kleinen Erzeugung die Elemente seines wirtschaftlichen Prestiges und seines nationalen und internationalen Ansehens ausmachen.\u00a0 Der enge Zusammenhang zwischen dem Erzeugnis und den klimatischen und pedologischen Faktoren des betreffenden Gebietes wird durch das Verbot beschleunigter und\/oder k\u00fcnstlicher Alterungstechniken, einschlie\u00dflich k\u00fcnstlich herbeigef\u00fchrter Ver\u00e4nderungen in den Temperatur-, Feuchtigkeits- oder Bel\u00fcftungsbedingungen der &#8222;acetaie&#8220; Produktionsr\u00e4ume verst\u00e4rkt und verdeutlicht.<\/p>\n<p>Da der Ausgangsstoff ausschlie\u00dflich von Rebfl\u00e4chen der Provinz Modena stammt, die f\u00fcr die Erzeugung von Qualit\u00e4tsweinen bestimmter Anbaugebiete eingesetzt werden, lassen sich die Merkmale des &#8222;Aceto Balsamico Tradizionale di Modena&#8220; au\u00dferhalb des im einzelnen abgegrenzten Anbaugebietes de facto nicht nachahmen.<\/p>\n<p><strong>Kontrolleinrichtung<\/strong>: <a href=\"http:\/\/www.kiwacermet.it\/ITA\/Pagine\/default.aspx\" target=\"_blank\" rel=\"noopener\">KIWA CERMET<\/a> &#8211; Certificazione e controllo della qualit\u00e0 &#8211; Soc. Cons.<\/p>\n<p>Etikettierung:\u00a0 Auf jedem Packst\u00fcck mu\u00df das Garantiesiegel mit Seriennummer angegeben sein. Der Erzeuger bringt seinerseits ein Etikett mit dem Firmennamen und der Angabe: &#8222;Aceto Balsamico Tradizionale di Modena &#8211; <strong>D<\/strong>enominazione di <strong>O<\/strong>rigine <strong>P<\/strong>rotetta&#8220; (<a href=\"http:\/\/ec.europa.eu\/agriculture\/quality\/schemes\/index_de.htm\" target=\"_blank\" rel=\"noopener\">gesch\u00fctzte Ursprungsbezeichnung<\/a>) an.<\/p>\n<p>Beleg \/ Referenz: <a href=\"https:\/\/www.google.de\/url?sa=t&amp;rct=j&amp;q=&amp;esrc=s&amp;source=web&amp;cd=1&amp;ved=0ahUKEwiA6rXf5azMAhVbF8AKHVdHAt4QFgghMAA&amp;url=http%3A%2F%2Fec.europa.eu%2Fagriculture%2Fquality%2Fdoor%2FdocumentDisplay.html%3FchkDocument%3D23_1_de&amp;usg=AFQjCNGIuq5SZIJ5wue8Uufc43rPAWTs5w&amp;sig2=cRHIpWZoKkWmc-m16KovHA&amp;cad=rja\" target=\"_blank\" rel=\"noopener\">EU Verordnung (PDF)<\/a><\/p>\n<p>&nbsp;<\/p>\n","protected":false},"excerpt":{"rendered":"<p>Nach dem Antrag des Consorzio tra Produttori di Aceto Balsamico Tradizionale di Modena (seit 2011 nennt sich die Vereinigung Consorzio Produttori Antiche Acetaie) bei der Europ\u00e4ischen Union definiert sich der Aceto Balsamico Tradizionale di Modena DOP wie folgt: Art des Erzeugnisses:\u00a0 W\u00fcrzmittel Name: Aceto Balsamico Tradizionale di Modena Aceto Balsamico Tradizionale di Modena mu\u00df beim Inverkehrbringen folgende Merkmale aufweisen: Farbe: dunkelbraun, stark leuchtend Dichte: Das echte Erzeugnis zeigt fl\u00fcssige, sirupartige Beschaffenheit. Geruch: charakteristisches, wohlriechendes, insgesamt homogenes, durchdringendes und anhaltendes Bouquet, mit vorherrschender aber angenehmer und harmonischer S\u00e4ure. Geschmack: Einen f\u00fcr einen Aceto Balsamico charakteristischen Geschmack, wie er sich in kontinuierlicher unver\u00e4nderter Tradition im Laufe der Jahrhunderte herausgebildet hat. In der wohlausgewogenen Mischung von s\u00fc\u00df und sauer weist die wahrnehmbare S\u00e4ure eine leicht aromatische Note auf, die unter dem Einflu\u00df der verschiedenen H\u00f6lzer entsteht und lebhafte, frische, samtige, intensive und ausdauernde Komponenten besitzt, die sich mit den typischen Geruchsmerkmalen gut verbinden. Gesamts\u00e4ure: nicht unter 4,5 Grad (ausgedr\u00fcckt als Gramm Essigs\u00e4ure je 100 Gramm des Erzeugnisses) Dichte bei 20\u00b0C: nicht unter 1,240 Das Erzeugnis wird aus Traubenmosten gewonnen. Die Flaschenabf\u00fcllung erfolgt innerhalb des Verwaltungsgebiets der Provinz Modena in die in ihrer runden Form mit rechteckigem Sockel aus Massivglas einmaligen kristallklaren Glasbeh\u00e4ltnisse. Geographisches Gebiet:\u00a0\u00a0 Alle Gemeinden der Provinz Modena. Ursprungsnachweis: Der &#8222;Aceto Balsamico Tradizionale di Modena&#8220; wird in einer Vielzahl historischer Berichte erw\u00e4hnt.\u00a0 Der Begriff &#8222;balsamico&#8220; neben dem Wort Aceto (Essig) tritt erstmals im 17. Jahrhundert auf als Eintragung in das Register der Weinernten und -verk\u00e4ufe des Jahres 1747 auf Rechnung der Cantine Segrete Ducali (der geheimen herzoglichen Kellereien lt. Staatsarchiv, Modena). Gleichwohl reichen die Wurzeln dieser traditionellen Erzeugung eines &#8222;sehr bemerkenswerten&#8220; Aceto Balsamico in einem doch ziemlich kleinen Gebiet wie der Provinz Modena sehr weit zur\u00fcck: so finden sich bereits im Jahr 1508 pr\u00e4zise Zeugnisse vom Hofe des Herzogs von Modena, Alfonso I de Este, dem Ehemann von Lucrezia Borgia. Weiter berichten Dokumente und Manuskripte aus dem XVI. Jahrhundert und dem Jahr 1796 \u00fcber gut ausgereifte Moste, die f\u00fcr die Erzeugung des Aceto Balsamico a la modenese verwendet werden und unterstreichen die Aufbewahrung von 36 F\u00e4ssern im dritten nach San Domenico ausgerichteten Turm des Herzogspalastes. Interessanterweise zeigen sich in diesen ersten \u00dcberlieferungen immer wieder zwei f\u00fcr die Erzeugung des &#8222;Aceto Balsamico Tradizionale di Modena&#8220; grundlegende Konstanten: als Ausgangserzeugnis dient der aus den in der Provinz Modena angebauten typischen Trauben gewonnene gekochte Most; die in h\u00f6her gelegenen R\u00e4umen, im allgemeinen auf Dachb\u00f6den eingerichteten Produktionsst\u00e4tten. Die erste kodifizierte Erzeugung des &#8222;Aceto Balsamico Tradizionale di Modena&#8220; ist einem von Francesco Aggazzotti an Pio Fabriani im Jahr 1860 gesandten handschriftlichen Briefe zu entnehmen. Ab diesem Zeitpunkt wird \u00fcber diese Erzeugung nicht nur viel h\u00e4ufiger sondern wegen des kommerziellen Vertriebs auch offiziell berichtet: Agrarausstellung 1863 in Modena, Emiliana-Ausstellung des Jahres 1888 in Bologna, gedrucktes Faltblatt aus jener Zeit, in der Aceto Balsamico als eine aus ausgew\u00e4hlten Trauben erzeugte Spezialit\u00e4t aus Modena dargestellt wird. Diese Zeugnisse best\u00e4tigen also, da\u00df seit urdenklichen Zeiten in Modena eine besondere Art Essig hergestellt wird, der in anderen Gebieten unbekannt ist und dessen [&hellip;]<\/p>\n","protected":false},"author":1,"featured_media":0,"comment_status":"closed","ping_status":"closed","sticky":false,"template":"","format":"standard","meta":{"schema":"","footnotes":""},"categories":[1],"tags":[],"class_list":["post-172","post","type-post","status-publish","format-standard","hentry","category-allgemein"],"yoast_head":"<!-- This site is optimized with the Yoast SEO plugin v27.3 - https:\/\/yoast.com\/product\/yoast-seo-wordpress\/ -->\n<title>Definition eines Aceto Balsamico Tradizionale di Modena DOP &#187; Aceto Balsamico Shop<\/title>\n<meta name=\"robots\" content=\"index, follow, max-snippet:-1, max-image-preview:large, max-video-preview:-1\" \/>\n<link rel=\"canonical\" href=\"https:\/\/balsamico.shop\/de\/definition-eines-aceto-balsamico-tradizionale\/\" \/>\n<script type=\"application\/ld+json\" class=\"yoast-schema-graph\">{\"@context\":\"https:\\\/\\\/schema.org\",\"@graph\":[{\"@type\":\"ImageObject\",\"inLanguage\":\"de\",\"@id\":\"https:\\\/\\\/balsamico.shop\\\/de\\\/definition-eines-aceto-balsamico-tradizionale\\\/#primaryimage\",\"url\":\"https:\\\/\\\/balsamico.shop\\\/de\\\/wp-content\\\/uploads\\\/2023\\\/06\\\/ABTM.png\",\"contentUrl\":\"https:\\\/\\\/balsamico.shop\\\/de\\\/wp-content\\\/uploads\\\/2023\\\/06\\\/ABTM.png\",\"width\":1024,\"height\":768,\"caption\":\"Aceto Balsamico Tradizionale di Modena DOP\"},{\"@type\":\"BreadcrumbList\",\"@id\":\"https:\\\/\\\/balsamico.shop\\\/de\\\/definition-eines-aceto-balsamico-tradizionale\\\/#breadcrumb\",\"itemListElement\":[{\"@type\":\"ListItem\",\"position\":1,\"name\":\"Startseite\",\"item\":\"https:\\\/\\\/balsamico.shop\\\/de\\\/\"},{\"@type\":\"ListItem\",\"position\":2,\"name\":\"Definition eines Aceto Balsamico Tradizionale di Modena DOP\"}]},{\"@type\":\"WebSite\",\"@id\":\"https:\\\/\\\/balsamico.shop\\\/de\\\/#website\",\"url\":\"https:\\\/\\\/balsamico.shop\\\/de\\\/\",\"name\":\"Aceto Balsamico Shop\",\"description\":\"Shop f\u00fcr Balsamico aus Modena &amp; Reggio Emilia\",\"publisher\":{\"@id\":\"https:\\\/\\\/balsamico.shop\\\/de\\\/#organization\"},\"potentialAction\":[{\"@type\":\"SearchAction\",\"target\":{\"@type\":\"EntryPoint\",\"urlTemplate\":\"https:\\\/\\\/balsamico.shop\\\/de\\\/?s={search_term_string}\"},\"query-input\":{\"@type\":\"PropertyValueSpecification\",\"valueRequired\":true,\"valueName\":\"search_term_string\"}}],\"inLanguage\":\"de\"},{\"@type\":\"Organization\",\"@id\":\"https:\\\/\\\/balsamico.shop\\\/de\\\/#organization\",\"name\":\"Bernardo Tesori\",\"url\":\"https:\\\/\\\/balsamico.shop\\\/de\\\/\",\"logo\":{\"@type\":\"ImageObject\",\"inLanguage\":\"de\",\"@id\":\"https:\\\/\\\/balsamico.shop\\\/de\\\/#\\\/schema\\\/logo\\\/image\\\/\",\"url\":\"https:\\\/\\\/balsamico.shop\\\/de\\\/wp-content\\\/uploads\\\/2016\\\/04\\\/logo_bernardo.png\",\"contentUrl\":\"https:\\\/\\\/balsamico.shop\\\/de\\\/wp-content\\\/uploads\\\/2016\\\/04\\\/logo_bernardo.png\",\"width\":278,\"height\":466,\"caption\":\"Bernardo Tesori\"},\"image\":{\"@id\":\"https:\\\/\\\/balsamico.shop\\\/de\\\/#\\\/schema\\\/logo\\\/image\\\/\"}}]}<\/script>\n<!-- \/ Yoast SEO plugin. -->","yoast_head_json":{"title":"Definition eines Aceto Balsamico Tradizionale di Modena DOP &#187; Aceto Balsamico Shop","robots":{"index":"index","follow":"follow","max-snippet":"max-snippet:-1","max-image-preview":"max-image-preview:large","max-video-preview":"max-video-preview:-1"},"canonical":"https:\/\/balsamico.shop\/de\/definition-eines-aceto-balsamico-tradizionale\/","schema":{"@context":"https:\/\/schema.org","@graph":[{"@type":"ImageObject","inLanguage":"de","@id":"https:\/\/balsamico.shop\/de\/definition-eines-aceto-balsamico-tradizionale\/#primaryimage","url":"https:\/\/balsamico.shop\/de\/wp-content\/uploads\/2023\/06\/ABTM.png","contentUrl":"https:\/\/balsamico.shop\/de\/wp-content\/uploads\/2023\/06\/ABTM.png","width":1024,"height":768,"caption":"Aceto Balsamico Tradizionale di Modena DOP"},{"@type":"BreadcrumbList","@id":"https:\/\/balsamico.shop\/de\/definition-eines-aceto-balsamico-tradizionale\/#breadcrumb","itemListElement":[{"@type":"ListItem","position":1,"name":"Startseite","item":"https:\/\/balsamico.shop\/de\/"},{"@type":"ListItem","position":2,"name":"Definition eines Aceto Balsamico Tradizionale di Modena DOP"}]},{"@type":"WebSite","@id":"https:\/\/balsamico.shop\/de\/#website","url":"https:\/\/balsamico.shop\/de\/","name":"Aceto Balsamico Shop","description":"Shop f\u00fcr Balsamico aus Modena &amp; Reggio Emilia","publisher":{"@id":"https:\/\/balsamico.shop\/de\/#organization"},"potentialAction":[{"@type":"SearchAction","target":{"@type":"EntryPoint","urlTemplate":"https:\/\/balsamico.shop\/de\/?s={search_term_string}"},"query-input":{"@type":"PropertyValueSpecification","valueRequired":true,"valueName":"search_term_string"}}],"inLanguage":"de"},{"@type":"Organization","@id":"https:\/\/balsamico.shop\/de\/#organization","name":"Bernardo Tesori","url":"https:\/\/balsamico.shop\/de\/","logo":{"@type":"ImageObject","inLanguage":"de","@id":"https:\/\/balsamico.shop\/de\/#\/schema\/logo\/image\/","url":"https:\/\/balsamico.shop\/de\/wp-content\/uploads\/2016\/04\/logo_bernardo.png","contentUrl":"https:\/\/balsamico.shop\/de\/wp-content\/uploads\/2016\/04\/logo_bernardo.png","width":278,"height":466,"caption":"Bernardo Tesori"},"image":{"@id":"https:\/\/balsamico.shop\/de\/#\/schema\/logo\/image\/"}}]}},"_links":{"self":[{"href":"https:\/\/balsamico.shop\/de\/wp-json\/wp\/v2\/posts\/172","targetHints":{"allow":["GET"]}}],"collection":[{"href":"https:\/\/balsamico.shop\/de\/wp-json\/wp\/v2\/posts"}],"about":[{"href":"https:\/\/balsamico.shop\/de\/wp-json\/wp\/v2\/types\/post"}],"author":[{"embeddable":true,"href":"https:\/\/balsamico.shop\/de\/wp-json\/wp\/v2\/users\/1"}],"replies":[{"embeddable":true,"href":"https:\/\/balsamico.shop\/de\/wp-json\/wp\/v2\/comments?post=172"}],"version-history":[{"count":9,"href":"https:\/\/balsamico.shop\/de\/wp-json\/wp\/v2\/posts\/172\/revisions"}],"predecessor-version":[{"id":16732,"href":"https:\/\/balsamico.shop\/de\/wp-json\/wp\/v2\/posts\/172\/revisions\/16732"}],"wp:attachment":[{"href":"https:\/\/balsamico.shop\/de\/wp-json\/wp\/v2\/media?parent=172"}],"wp:term":[{"taxonomy":"category","embeddable":true,"href":"https:\/\/balsamico.shop\/de\/wp-json\/wp\/v2\/categories?post=172"},{"taxonomy":"post_tag","embeddable":true,"href":"https:\/\/balsamico.shop\/de\/wp-json\/wp\/v2\/tags?post=172"}],"curies":[{"name":"wp","href":"https:\/\/api.w.org\/{rel}","templated":true}]}}